{"id":3299,"date":"2025-12-10T13:24:56","date_gmt":"2025-12-10T13:24:56","guid":{"rendered":"https:\/\/www.escolesteatre.org\/?p=3299"},"modified":"2026-02-13T16:24:41","modified_gmt":"2026-02-13T16:24:41","slug":"comunicat-de-lassociacio-catalana-descoles-de-teatre-acet","status":"publish","type":"post","link":"https:\/\/www.escolesteatre.org\/es\/comunicat-de-lassociacio-catalana-descoles-de-teatre-acet\/","title":{"rendered":"Comunicat de l\u2019Associaci\u00f3 Catalana d\u2019Escoles de Teatre (ACET)"},"content":{"rendered":"\n<div class=\"wp-block-buttons\">\n<div class=\"wp-block-button\"><a class=\"wp-block-button__link has-background wp-element-button\" href=\"https:\/\/forms.gle\/dmBBSTqkiitiZkeW9\" style=\"background-color:#2dc22f\" target=\"_blank\" rel=\"noreferrer noopener\">SIGNA AQU\u00cd<\/a><\/div>\n<\/div>\n\n\n\n<div style=\"height:51px\" aria-hidden=\"true\" class=\"wp-block-spacer\"><\/div>\n\n\n\n<p class=\"has-black-color has-white-background-color has-text-color has-background has-link-color wp-elements-e8d9b89e04cbf319fd037c93ada93335\">L\u2019Associaci\u00f3 Catalana d\u2019Escoles de Teatre (ACET), que representa 23 escoles de teatre de tot Catalunya, amb m\u00e9s de 10.000 estudiants i 300 docents, vol expressar la seva preocupaci\u00f3 davant la incertesa que amena\u00e7a la viabilitat i el futur de la formaci\u00f3 teatral a les nostres escoles.<\/p>\n\n\n\n<p class=\"has-black-color has-white-background-color has-text-color has-background has-link-color wp-elements-9ae1c531e1918e7b533b67525f8918fd\"><strong>Un model consolidat i imprescindible<\/strong><br>Durant d\u00e8cades, les escoles de teatre de l\u2019ACET hem estat un pilar fonamental en la construcci\u00f3 del panorama esc\u00e8nic catal\u00e0. La diversitat pedag\u00f2gica, metodol\u00f2gica i art\u00edstica dels nostres centres ha nodrit l\u2019escena amb generacions d\u2019int\u00e8rprets, creadors i creadores, i professionals de la doc\u00e8ncia que han contribu\u00eft decisivament al prestigi cultural del pa\u00eds.<br>Aquesta pluralitat no nom\u00e9s \u00e9s un valor art\u00edstic, sin\u00f3 que garanteix la llibertat d\u2019elecci\u00f3 educativa per a l\u2019alumnat i les fam\u00edlies, i que cal preservar dins d\u2019un ecosistema formatiu obert i plural.<\/p>\n\n\n\n<p class=\"has-black-color has-white-background-color has-text-color has-background has-link-color wp-elements-15334f601b352f5cbc06e48ddd2932f4\"><strong>Per una implantaci\u00f3 p\u00fablica que sumi, no que substitueixi<\/strong><br>Entre el 2006 i 2015, l\u2019ACET va col\u00b7laborar intensament amb el Departament d&#8217;Educaci\u00f3 en la creaci\u00f3 del Decret del Grau Superior en T\u00e8cniques d&#8217;Actuaci\u00f3 Teatral, aportant coneixement, recursos i experi\u00e8ncia. Ara, quan la implantaci\u00f3 d&#8217;aquests cicles en centres p\u00fablics \u00e9s una realitat, constatem amb perplexitat que aquest proc\u00e9s s\u2019ha fet sense comptar amb l\u2019expertesa acumulada del sector privat, que va ser impulsor i avalador.<br>Celebrem l\u2019exist\u00e8ncia d\u2019una oferta p\u00fablica de formaci\u00f3 teatral, que considerem positiva i necess\u00e0ria per al conjunt del sector. Tanmateix, la manca de di\u00e0leg i planificaci\u00f3 genera vulnerabilitat i incertesa en centenars d&#8217;alumnes i fam\u00edlies, i posa en risc la continu\u00eftat de centres de reconegut prestigi.<br>Defensem un model de conviv\u00e8ncia equilibrada i col\u00b7laborativa entre les xarxes p\u00fablica i privada, on la suma d&#8217;esfor\u00e7os sigui la pauta i no la substituci\u00f3.<\/p>\n\n\n\n<p class=\"has-black-color has-white-background-color has-text-color has-background has-link-color wp-elements-75da6c305967f801fe9ca6871f6e936b\"><strong>Buit legal que ens a\u00eflla internacionalment<\/strong><br>A difer\u00e8ncia de la dansa i la m\u00fasica, el teatre encara no disposa d\u2019una regulaci\u00f3 estatal espec\u00edfica. Aquesta abs\u00e8ncia impedeix el reconeixement oficial de les nostres titulacions i limita la mobilitat acad\u00e8mica i professional de l\u2019alumnat.<br>A m\u00e9s, la nova normativa sobre l\u2019autoritzaci\u00f3 d\u2019\u201cestada per estudis\u201d per a persones no nacionals, en vigor des del novembre de 2024, impedeix a l\u2019alumnat<br>internacionals obtenir el visat d\u2019estudis, excloent-lo de la possibilitat de cursar formaci\u00f3 teatral als nostres centres.<br>Aquesta situaci\u00f3 redueix la nostra projecci\u00f3 internacional, dificulta l\u2019atracci\u00f3 de talent estranger i vulnera el dret d\u2019acc\u00e9s a una educaci\u00f3 art\u00edstica sense discriminaci\u00f3 per origen.<\/p>\n\n\n\n<p class=\"has-black-color has-white-background-color has-text-color has-background has-link-color wp-elements-c9cb400d1bb6ff204315c3977d29dbdf\"><strong>El nostre comprom\u00eds<\/strong><br>Des de l\u2019ACET reivindiquem el valor de la formaci\u00f3 teatral com a eina de creixement personal, cultural i social, i com exercici efectiu dels drets culturals de tota la ciutadania reconeguts per diferents organismes internacionals, com les Nacions Unides i la UNESCO.<br>Defensem la feina feta per centenars de professionals de la formaci\u00f3 teatral que, amb esfor\u00e7 i vocaci\u00f3, han constru\u00eft un teixit educatiu de refer\u00e8ncia.<br>Demanem a les autoritats educatives i culturals que actu\u00efn amb responsabilitat, visi\u00f3 de futur i amb l&#8217;esperit constructiu que sempre ha guiat la nostra tasca.<\/p>\n\n\n\n<p class=\"has-black-color has-white-background-color has-text-color has-background has-link-color wp-elements-ad2ab4a79b9a7a9ba749e47578a45cfe\"><strong>Sol\u00b7licitem mesures clares i concretes :<\/strong><\/p>\n\n\n\n<p class=\"has-black-color has-white-background-color has-text-color has-background has-link-color wp-elements-179ff2176060af8f1ecd1909f5a6c928\">1. Obrir un di\u00e0leg immediat i vinculant amb el Departament d&#8217;Educaci\u00f3 per establir una estrat\u00e8gia coordinada per al desplegament formatiu que garanteixi la conviv\u00e8ncia, la complementarietat i l&#8217;equilibri de l&#8217;oferta p\u00fablica i privada.<\/p>\n\n\n\n<p class=\"has-black-color has-white-background-color has-text-color has-background has-link-color wp-elements-a624ea45841f551ae7484ab436ff54ac\">2. Explorar f\u00f3rmules de col\u00b7laboraci\u00f3, com els concerts educatius per als CFGS, que assegurin l&#8217;efici\u00e8ncia dels recursos p\u00fablics i la qualitat de la formaci\u00f3.<\/p>\n\n\n\n<p class=\"has-black-color has-white-background-color has-text-color has-background has-link-color wp-elements-61f402ad35ba180643b5eee48e73613a\">3. Impulsar i exigir al Govern Central l&#8217;aprovaci\u00f3 urgent del Decret Estatal d\u2019Ordenaci\u00f3 dels Estudis Superiors de Teatre, essencial per al reconeixement oficial, la seguretat jur\u00eddica i la internacionalitzaci\u00f3 de la nostra formaci\u00f3.<\/p>\n\n\n\n<p class=\"has-black-color has-white-background-color has-text-color has-background has-link-color wp-elements-921b0a987dfd1e86efb7d31fb257829e\">4. Establir l\u00ednies d\u2019ajuts i beques espec\u00edfiques per als centres i per a l\u2019alumnat, que permetin mantenir la igualtat d\u2019oportunitats i la qualitat educativa.<\/p>\n\n\n\n<p class=\"has-black-color has-white-background-color has-text-color has-background has-link-color wp-elements-af646b18f67c48a4be6cd2e76c58568c\"><br>Des de l&#8217;ACET reafirmem la nostra voluntat de continuar treballant per una formaci\u00f3 teatral digna, exigent i accessible.<br>Demanem reconeixement, respecte i col\u00b7laboraci\u00f3 per protegir la pluralitat i la qualitat de la formaci\u00f3 teatral catalana.<br>Instem a les administracions a construir, plegats, el futur teatral del nostre pa\u00eds.<\/p>\n\n\n\n<p class=\"has-black-color has-white-background-color has-text-color has-background has-link-color wp-elements-16117b7acf4af70c698bd7da0615312d\">Desembre, 2025<br>Associaci\u00f3 Catalana d\u2019Escoles de Teatre (ACET)<\/p>\n\n\n\n<div style=\"height:45px\" aria-hidden=\"true\" class=\"wp-block-spacer\"><\/div>\n\n\n\n<figure class=\"wp-block-image size-large\"><img loading=\"lazy\" decoding=\"async\" width=\"1024\" height=\"905\" src=\"https:\/\/www.escolesteatre.org\/wp-content\/uploads\/2025\/12\/escoles-ACET-1024x905.png\" alt=\"\" class=\"wp-image-3402\" srcset=\"https:\/\/www.escolesteatre.org\/wp-content\/uploads\/2025\/12\/escoles-ACET-1024x905.png 1024w, https:\/\/www.escolesteatre.org\/wp-content\/uploads\/2025\/12\/escoles-ACET-300x265.png 300w, https:\/\/www.escolesteatre.org\/wp-content\/uploads\/2025\/12\/escoles-ACET-768x678.png 768w, https:\/\/www.escolesteatre.org\/wp-content\/uploads\/2025\/12\/escoles-ACET.png 1414w\" sizes=\"auto, (max-width: 1024px) 100vw, 1024px\" \/><\/figure>\n\n\n\n<div style=\"height:45px\" aria-hidden=\"true\" class=\"wp-block-spacer\"><\/div>\n\n\n\n<p class=\"has-black-color has-white-background-color has-text-color has-background has-link-color wp-elements-9e660dcb707fbe8b99875ec31fe1bc44\"><strong>Vols donar suport al Comunicat? <\/strong><\/p>\n\n\n\n<div style=\"height:21px\" aria-hidden=\"true\" class=\"wp-block-spacer\"><\/div>\n\n\n\n<div class=\"wp-block-buttons\">\n<div class=\"wp-block-button\"><a class=\"wp-block-button__link has-background wp-element-button\" href=\"https:\/\/forms.gle\/BdGAs8ZSX9ruWKfs5\" style=\"background-color:#2dc22f\" target=\"_blank\" rel=\"noreferrer noopener\">SIGNA AQU\u00cd<\/a><\/div>\n<\/div>\n\n\n\n<div style=\"height:48px\" aria-hidden=\"true\" class=\"wp-block-spacer\"><\/div>\n\n\n\n<p class=\"has-black-color has-white-background-color has-text-color has-background has-link-color wp-elements-3c90d28b06d1d3c0fe4eb8cc6c35b4df\"><strong>Tamb\u00e9 subscriuen aquest Comunicat:<\/strong><\/p>\n\n\n\n<p><\/p>\n\n\n\n<iframe loading=\"lazy\" src=\"https:\/\/docs.google.com\/spreadsheets\/d\/e\/2PACX-1vQnXh__ll7kmeorKANPAq7W1puMiPulGl5ufuEssYtivgOEl179qPdhXcFTyXzUscvVyFURHr1hkq8V\/pubhtml?gid=1287285712&amp;single=true&amp;widget=true&amp;headers=false\" width=\"100%\" height=\"600px\" frameborder=\"0\"><\/iframe>\n","protected":false},"excerpt":{"rendered":"<p>L\u2019Associaci\u00f3 Catalana d\u2019Escoles de Teatre (ACET), que representa 23 escoles de teatre de tot Catalunya, amb m\u00e9s de 10.000 estudiants i 300 docents, vol expressar la seva preocupaci\u00f3 davant la incertesa que amena\u00e7a la viabilitat i el futur de la formaci\u00f3 teatral a les nostres escoles. Un model consolidat i imprescindibleDurant d\u00e8cades, les escoles de teatre de l\u2019ACET hem estat<a href=\"https:\/\/www.escolesteatre.org\/es\/comunicat-de-lassociacio-catalana-descoles-de-teatre-acet\/\" class=\"read-more\" rel=\"nofollow\">Vull saber m\u00e9s! +<\/a><\/p>\n","protected":false},"author":3,"featured_media":3399,"comment_status":"open","ping_status":"open","sticky":false,"template":"","format":"standard","meta":{"footnotes":""},"categories":[8],"tags":[],"class_list":["post-3299","post","type-post","status-publish","format-standard","has-post-thumbnail","hentry","category-noticies"],"acf":[],"_links":{"self":[{"href":"https:\/\/www.escolesteatre.org\/es\/wp-json\/wp\/v2\/posts\/3299","targetHints":{"allow":["GET"]}}],"collection":[{"href":"https:\/\/www.escolesteatre.org\/es\/wp-json\/wp\/v2\/posts"}],"about":[{"href":"https:\/\/www.escolesteatre.org\/es\/wp-json\/wp\/v2\/types\/post"}],"author":[{"embeddable":true,"href":"https:\/\/www.escolesteatre.org\/es\/wp-json\/wp\/v2\/users\/3"}],"replies":[{"embeddable":true,"href":"https:\/\/www.escolesteatre.org\/es\/wp-json\/wp\/v2\/comments?post=3299"}],"version-history":[{"count":39,"href":"https:\/\/www.escolesteatre.org\/es\/wp-json\/wp\/v2\/posts\/3299\/revisions"}],"predecessor-version":[{"id":3415,"href":"https:\/\/www.escolesteatre.org\/es\/wp-json\/wp\/v2\/posts\/3299\/revisions\/3415"}],"wp:featuredmedia":[{"embeddable":true,"href":"https:\/\/www.escolesteatre.org\/es\/wp-json\/wp\/v2\/media\/3399"}],"wp:attachment":[{"href":"https:\/\/www.escolesteatre.org\/es\/wp-json\/wp\/v2\/media?parent=3299"}],"wp:term":[{"taxonomy":"category","embeddable":true,"href":"https:\/\/www.escolesteatre.org\/es\/wp-json\/wp\/v2\/categories?post=3299"},{"taxonomy":"post_tag","embeddable":true,"href":"https:\/\/www.escolesteatre.org\/es\/wp-json\/wp\/v2\/tags?post=3299"}],"curies":[{"name":"wp","href":"https:\/\/api.w.org\/{rel}","templated":true}]}}