{"id":3188,"date":"2024-03-21T09:18:03","date_gmt":"2024-03-21T09:18:03","guid":{"rendered":"https:\/\/www.escolesteatre.org\/dia-mundial-del-teatro-2024\/"},"modified":"2024-03-21T09:43:24","modified_gmt":"2024-03-21T09:43:24","slug":"dia-mundial-del-teatro-2024","status":"publish","type":"post","link":"https:\/\/www.escolesteatre.org\/es\/dia-mundial-del-teatro-2024\/","title":{"rendered":"DIA MUNDIAL DEL TEATRO 2024"},"content":{"rendered":"\n<p>Desde el a\u00f1o 1961 se celebra el Dia Mundial del Teatro para poner en valor la importancia de las artes esc\u00e9nicas. <\/p>\n\n<p>Cada a\u00f1o, el International Theatre Institute invita a una figura importante del mundo de las artes esc\u00e9nicas a escribir un mensaje con motivo del D\u00eda Mundial del Teatro donde comparta sus refelxiones sobre el teatro y la cultura de la paz. Este a\u00f1o, el mensaje lo ha hecho el escritor y dramaturgo noruego John Fosse. <\/p>\n\n<p>Aqu\u00ed os lo compartimos. Traducci\u00f3n al espa\u00f1ol de Ra\u00fal Alonso D\u00edaz, M\u00e9xico.<\/p>\n\n<div style=\"height:67px\" aria-hidden=\"true\" class=\"wp-block-spacer\"><\/div>\n\n<p><strong>El Arte es paz.<\/strong><br\/>Cada persona es \u00fanica y, al mismo tiempo, como todas las dem\u00e1s. La apariencia, se puede ver, es cierto, pero tambi\u00e9n hay algo dentro de cada persona que le pertenece, que la hace \u00fanica. Podemos llamarlo alma o esp\u00edritu, o bien, podr\u00edamos no ponerle palabras, simplemente dejar que este ah\u00ed.<\/p>\n\n<div style=\"height:20px\" aria-hidden=\"true\" class=\"wp-block-spacer\"><\/div>\n\n<p>Al mismo tiempo que somos diferentes, tambi\u00e9n somos iguales. Las personas de todo el mundo somos fundamentalmente iguales, sin importar que lengua hablemos, que color de piel o de cabello tengamos.<\/p>\n\n<div style=\"height:20px\" aria-hidden=\"true\" class=\"wp-block-spacer\"><\/div>\n\n<p>Quiz\u00e1s esto sea una especie de paradoja: que somos completamente iguales y diferentes al mismo tiempo. Tal vez una persona es parad\u00f3jica en su conexi\u00f3n entre el cuerpo y el esp\u00edritu, entre lo terrenal y tangible y lo que trasciende los l\u00edmites materiales y terrenales.<\/p>\n\n<div style=\"height:20px\" aria-hidden=\"true\" class=\"wp-block-spacer\"><\/div>\n\n<p>El arte, el buen arte, consigue a su manera y de forma fabulosa reunir lo absolutamente \u00fanico con lo universal. Nos permite entender la diferencia entre lo extra\u00f1o y lo universal. Al hacerlo, el arte trasciende las fronteras de los lenguajes y los l\u00edmites geogr\u00e1ficos. Re\u00fane, no solo las cualidades individuales, sino tambi\u00e9n, las caracter\u00edsticas de un grupo de personas, por ejemplo, las naciones.<\/p>\n\n<div style=\"height:20px\" aria-hidden=\"true\" class=\"wp-block-spacer\"><\/div>\n\n<p>El arte no se expresa provocando que todo sea igual, por el contrario, nos muestra nuestras diferencias, aquello que es ajeno o extra\u00f1o. Todo buen arte contiene precisamente eso: algo extra\u00f1o, algo que no podemos comprender completamente y que, sin embargo, entendemos de cierto modo. Contiene lo enigm\u00e1tico, algo que nos fascina y por lo tanto nos lleva m\u00e1s all\u00e1 de nuestros l\u00edmites y as\u00ed crea la trascendencia que todo arte debe contener y a la cual conducirnos.<\/p>\n\n<div style=\"height:20px\" aria-hidden=\"true\" class=\"wp-block-spacer\"><\/div>\n\n<p>No se me ocurre una mejor manera de unir los opuestos. Es exactamente el enfoque inverso al de los conflictos violentos que vemos a menudo en el mundo, que alimentan la tentaci\u00f3n destructiva de aniquilar todo lo extra\u00f1o, todo lo \u00fanico y diferente, com\u00fanmente utilizando los inventos m\u00e1s inhumanos que la tecnolog\u00eda ha puesto a nuestra disposici\u00f3n. Hay terrorismo en este mundo. Hay guerra, puesto que la gente tiene un lado animal que lo lleva a ver lo extra\u00f1o como una amenaza a su propia existencia, en lugar de ver el fascinante enigma que eso representa.<\/p>\n\n<div style=\"height:20px\" aria-hidden=\"true\" class=\"wp-block-spacer\"><\/div>\n\n<p>Y entonces lo \u00fanico, lo diferente que es universalmente comprensible, desaparece. Dejando atr\u00e1s una semejanza colectiva donde todo lo diferente es una amenaza que debe ser erradicada. Lo que vemos desde fuera, se ve como desigualdad, por ejemplo, las religiones o ideolog\u00edas pol\u00edticas, se convierten en algo que debe ser derrotado y destruido.<\/p>\n\n<div style=\"height:20px\" aria-hidden=\"true\" class=\"wp-block-spacer\"><\/div>\n\n<p>La Guerra es la batalla contra lo que yace en lo mas profundo de cada uno de nosotros: lo \u00fanico. Y es una batalla contra todo arte, contra la esencia mas \u00edntima de todo arte.<\/p>\n\n<div style=\"height:20px\" aria-hidden=\"true\" class=\"wp-block-spacer\"><\/div>\n\n<p>He hablado del arte en general, no del arte teatral en particular, esto se debe a que todo buen arte, en el fondo, gira en torno a lo mismo: tomar lo singular y espec\u00edfico para hacerlo universal. Articula en su expresi\u00f3n art\u00edstica aquello \u00fanico con lo universal: no eliminando lo singular, sino enfatiz\u00e1ndolo; dejando que lo extra\u00f1o y lo desconocido brille claramente.<\/p>\n\n<div style=\"height:20px\" aria-hidden=\"true\" class=\"wp-block-spacer\"><\/div>\n\n<p>Es tan simple como que la guerra y el arte son opuestos, como la guerra y la paz son opuestos. El Arte es paz .<\/p>\n","protected":false},"excerpt":{"rendered":"<p>Desde el a\u00f1o 1961 se celebra el Dia Mundial del Teatro para poner en valor la importancia de las artes esc\u00e9nicas. <\/p>\n<p>Cada a\u00f1o, el International Theatre Institute invita a una figura importante del mundo de las artes esc\u00e9nicas a escribir un mensaje con motivo del D\u00eda Mundial del Teatro donde comparta sus refelxiones sobre el teatro y la cultura de la paz. Este a\u00f1o, el mensaje lo ha hecho el escritor y dramaturgo noruego John Fosse.<\/p>\n","protected":false},"author":3,"featured_media":0,"comment_status":"open","ping_status":"open","sticky":false,"template":"","format":"standard","meta":{"footnotes":""},"categories":[32],"tags":[],"class_list":["post-3188","post","type-post","status-publish","format-standard","hentry","category-noticias"],"acf":[],"_links":{"self":[{"href":"https:\/\/www.escolesteatre.org\/es\/wp-json\/wp\/v2\/posts\/3188","targetHints":{"allow":["GET"]}}],"collection":[{"href":"https:\/\/www.escolesteatre.org\/es\/wp-json\/wp\/v2\/posts"}],"about":[{"href":"https:\/\/www.escolesteatre.org\/es\/wp-json\/wp\/v2\/types\/post"}],"author":[{"embeddable":true,"href":"https:\/\/www.escolesteatre.org\/es\/wp-json\/wp\/v2\/users\/3"}],"replies":[{"embeddable":true,"href":"https:\/\/www.escolesteatre.org\/es\/wp-json\/wp\/v2\/comments?post=3188"}],"version-history":[{"count":1,"href":"https:\/\/www.escolesteatre.org\/es\/wp-json\/wp\/v2\/posts\/3188\/revisions"}],"predecessor-version":[{"id":3189,"href":"https:\/\/www.escolesteatre.org\/es\/wp-json\/wp\/v2\/posts\/3188\/revisions\/3189"}],"wp:attachment":[{"href":"https:\/\/www.escolesteatre.org\/es\/wp-json\/wp\/v2\/media?parent=3188"}],"wp:term":[{"taxonomy":"category","embeddable":true,"href":"https:\/\/www.escolesteatre.org\/es\/wp-json\/wp\/v2\/categories?post=3188"},{"taxonomy":"post_tag","embeddable":true,"href":"https:\/\/www.escolesteatre.org\/es\/wp-json\/wp\/v2\/tags?post=3188"}],"curies":[{"name":"wp","href":"https:\/\/api.w.org\/{rel}","templated":true}]}}