{"id":3063,"date":"2023-03-24T09:52:00","date_gmt":"2023-03-24T09:52:00","guid":{"rendered":"https:\/\/www.escolesteatre.org\/?p=3063"},"modified":"2023-03-24T09:52:06","modified_gmt":"2023-03-24T09:52:06","slug":"dia-mundial-del-teatre","status":"publish","type":"post","link":"https:\/\/www.escolesteatre.org\/es\/dia-mundial-del-teatre\/","title":{"rendered":"DIA MUNDIAL DEL TEATRE"},"content":{"rendered":"\n<p>27 de mar\u00e7, 2023<\/p>\n\n\n\n<p><strong>Us compartim el Missatge del Dia Mundial del Teatre de l\u2019Institut Internacional del Teatre ITI (Organitzaci\u00f3 Mundial per a les Arts Esc\u00e8niques).\u00a0L\u2019autora \u00e9s l\u2019actriu eg\u00edpcia Samiha AYOUB. La traducci\u00f3 al catal\u00e0 l\u2019ha fet Emma Peitx, vocal de l\u2019Associaci\u00f3 d&#8217;Actors i Directors Professionals de Catalunya (AADPC).<\/strong><\/p>\n\n\n\n<div style=\"height:61px\" aria-hidden=\"true\" class=\"wp-block-spacer\"><\/div>\n\n\n\n<p>Per a tots els meus amics, els artistes de teatre de tot el m\u00f3n,<\/p>\n\n\n\n<div style=\"height:26px\" aria-hidden=\"true\" class=\"wp-block-spacer\"><\/div>\n\n\n\n<p>Els escric aquest missatge en el Dia Mundial del Teatre, i per m\u00e9s que m&#8217;inundi la felicitat d&#8217;estar parlant amb vost\u00e8s, cada fibra del meu ser tremola sota el pes d\u2019all\u00f2 que patim tots &#8211; els artistes teatrals i els no teatrals &#8211; de les pressions demolidores i els sentiments oposats enmig de l&#8217;estat actual del m\u00f3n. La inestabilitat \u00e9s un resultat directe d\u2019all\u00f2 que est\u00e0 passant en el nostre m\u00f3n avui dia en termes de conflictes, guerres i desastres naturals que han tingut efectes devastadors, no nom\u00e9s en el nostre m\u00f3n material, sin\u00f3 en el nostre m\u00f3n espiritual i la nostra pau psicol\u00f2gica.<\/p>\n\n\n\n<div style=\"height:9px\" aria-hidden=\"true\" class=\"wp-block-spacer\"><\/div>\n\n\n\n<p>Els parlo avui mentre tinc la sensaci\u00f3 que el m\u00f3n sencer s&#8217;ha tornat com illes a\u00efllades, o com vaixells que fugen en un horitz\u00f3 ple de boira, cadascun d&#8217;ells desplegant les seves veles i navegant sense guia, sense veure res en l&#8217;horitz\u00f3 que ho guia i, malgrat aix\u00f2, continuen navegant, esperant arribar a un port segur que el contingui despr\u00e9s del seu llarg caminar enmig d&#8217;una mar rugent.<\/p>\n\n\n\n<div style=\"height:10px\" aria-hidden=\"true\" class=\"wp-block-spacer\"><\/div>\n\n\n\n<p>El nostre m\u00f3n mai ha estat tan estretament connectat entre si com ho est\u00e0 avui, per\u00f2 tampoc mai hem estat m\u00e9s dissonants i m\u00e9s allunyats l&#8217;un de l&#8217;altre que avui. Heus aqu\u00ed la dram\u00e0tica paradoxa que ens imposa el nostre m\u00f3n contemporani. Malgrat que tots estem presenciant la converg\u00e8ncia en la circulaci\u00f3 de not\u00edcies i comunicacions modernes que va trencar totes les barreres de les fronteres geogr\u00e0fiques, els conflictes i tensions que viu el m\u00f3n van depassar els l\u00edmits de la percepci\u00f3 l\u00f2gica i van crear, enmig d&#8217;aquesta aparent converg\u00e8ncia, una diverg\u00e8ncia fonamental que ens allunya de la veritable ess\u00e8ncia de la humanitat en la seva forma m\u00e9s simple.<\/p>\n\n\n\n<div style=\"height:9px\" aria-hidden=\"true\" class=\"wp-block-spacer\"><\/div>\n\n\n\n<p>El teatre en la seva ess\u00e8ncia original \u00e9s un acte purament hum\u00e0 basat en la veritable ess\u00e8ncia de la humanitat, que \u00e9s la vida. En paraules del gran pioner Konstantin Stanislavsky: &#8220;Mai entris al teatre amb fang als peus. Deixa la pols i la brut\u00edcia fora. Deixa les teves petites preocupacions, disputes, petites dificultats amb la teva roba exterior &#8211; totes les coses que arru\u00efnen la teva vida i desvia la teva atenci\u00f3 del teu art &#8211; a la porta&#8221;. Quan pugem a l&#8217;escenari, el pugem amb una sola vida dins nostre per a un \u00e9sser hum\u00e0, per\u00f2 aquesta vida t\u00e9 una gran capacitat de dividir-se i reproduir-se per convertir-se en moltes vides que projectem en aquest m\u00f3n perqu\u00e8 cobri vida, floreixi i escampi la seva frag\u00e0ncia als altres.<\/p>\n\n\n\n<div style=\"height:9px\" aria-hidden=\"true\" class=\"wp-block-spacer\"><\/div>\n\n\n\n<p>El que fem en el m\u00f3n del teatre com a dramaturgs, directors, actors, escen\u00f2grafs, poetes, m\u00fasics, core\u00f2grafs i t\u00e8cnics, tots nosaltres sense excepci\u00f3, \u00e9s un acte de creaci\u00f3 de vida que no existia abans de pujar a l&#8217;escenari. Aquesta vida mereix una m\u00e0 afectuosa que la sostingui, un pit amor\u00f3s que l&#8217;abraci, un cor bondad\u00f3s que la simpatitzi i una ment s\u00f2bria que li proporcioni les raons que necessita per continuar i sobreviure.<\/p>\n\n\n\n<div style=\"height:9px\" aria-hidden=\"true\" class=\"wp-block-spacer\"><\/div>\n\n\n\n<p>No exagero quan dic que el que fem en l&#8217;escenari \u00e9s l&#8217;acte de la vida mateixa i generar-la del no-res, com una brasa ardent que centelleja en la foscor, il\u00b7luminant la foscor de la nit i escalfant la seva fredor. Som nosaltres qui donem a la vida la seva esplendor. Som els qui l\u2019encarnem. Som els qui la fem vibrant i significativa. I som nosaltres els qui donem les raons per entendre-la. Som els que emprem la llum de l&#8217;art per enfrontar la foscor de la ignor\u00e0ncia i l&#8217;extremisme. Som els que abracem la doctrina de la vida, perqu\u00e8 la vida es propagui en aquest m\u00f3n. Per aix\u00f2 posem el nostre esfor\u00e7, temps, suor, ll\u00e0grimes, sang i nervis, tot el que hem de fer per aconseguir aquest noble missatge, defensant els valors de la veritat, el b\u00e9, la bellesa, i creient veritablement que la vida mereix ser viscuda.<\/p>\n\n\n\n<div style=\"height:9px\" aria-hidden=\"true\" class=\"wp-block-spacer\"><\/div>\n\n\n\n<p>Els parlo avui, no sols per parlar, o fins i tot per celebrar al pare de totes les arts, el \u201cteatre\u201d, en el seu dia mundial. M\u00e9s aviat, els convido a estar junts, tots nosaltres, de la m\u00e0 i espatlla amb espatlla, per cridar a tot pulm\u00f3, com estem acostumats en els escenaris dels nostres teatres, i deixar que les nostres paraules surtin per despertar la consci\u00e8ncia del m\u00f3n sencer, per buscar en nosaltres l&#8217;ess\u00e8ncia perduda de l&#8217;home. L&#8217;home lliure, tolerant, amor\u00f3s, simp\u00e0tic, gentil i comprensiu. I permetre&#8217;ls rebutjar aquesta imatge vil de brutalitat, de racisme, de conflictes sagnants, de pensament unilateral i d&#8217;extremisme. L&#8217;home ha caminat sobre aquesta terra i sota aquest cel durant milers d&#8217;anys i continuar\u00e0 caminant. Aix\u00ed que tregui els peus del fangar de les guerres i dels cruents conflictes i deixi\u2019ls a la porta de l&#8217;escenari. Potser aleshores la nostra humanitat, que s&#8217;ha aombrat en el dubte, torni a convertir-se en una certesa categ\u00f2rica que ens faci a tots veritablement aptes per sentir-nos orgullosos de ser humans i de ser tots germans en la humanitat.<\/p>\n\n\n\n<div style=\"height:9px\" aria-hidden=\"true\" class=\"wp-block-spacer\"><\/div>\n\n\n\n<p>Aquesta \u00e9s la nostra missi\u00f3, nosaltres dramaturgs, els portadors de la torxa de la il\u00b7lustraci\u00f3, des de la primera aparici\u00f3 del primer actor en el primer escenari: estar al capdavant per enfrontar tot el que \u00e9s lleig, sagnant i inhum\u00e0. Ho confrontem amb tot all\u00f2 que \u00e9s bell, pur i hum\u00e0. Nosaltres, i ning\u00fa m\u00e9s, tenim la capacitat de difondre la vida. Propaguem-nos junts pel b\u00e9 del m\u00f3n i de la humanitat.<\/p>\n\n\n\n<div style=\"height:44px\" aria-hidden=\"true\" class=\"wp-block-spacer\"><\/div>\n\n\n\n<p><strong>Samiha Ayoub<\/strong><\/p>\n\n\n\n<p><strong>Traducci\u00f3 al catal\u00e0: Emma Peitx<\/strong><\/p>\n","protected":false},"excerpt":{"rendered":"<p>27 de mar\u00e7, 2023 Us compartim el Missatge del Dia Mundial del Teatre de l\u2019Institut Internacional del Teatre ITI (Organitzaci\u00f3 Mundial per a les Arts Esc\u00e8niques).\u00a0L\u2019autora \u00e9s l\u2019actriu eg\u00edpcia Samiha AYOUB. La traducci\u00f3 al catal\u00e0 l\u2019ha fet Emma Peitx, vocal de l\u2019Associaci\u00f3 d&#8217;Actors i Directors Professionals de Catalunya (AADPC). Per a tots els meus amics, els artistes de teatre de<a href=\"https:\/\/www.escolesteatre.org\/es\/dia-mundial-del-teatre\/\" class=\"read-more\" rel=\"nofollow\">Vull saber m\u00e9s! +<\/a><\/p>\n","protected":false},"author":3,"featured_media":3067,"comment_status":"open","ping_status":"open","sticky":false,"template":"","format":"standard","meta":{"footnotes":""},"categories":[8],"tags":[],"class_list":["post-3063","post","type-post","status-publish","format-standard","has-post-thumbnail","hentry","category-noticies"],"acf":[],"_links":{"self":[{"href":"https:\/\/www.escolesteatre.org\/es\/wp-json\/wp\/v2\/posts\/3063","targetHints":{"allow":["GET"]}}],"collection":[{"href":"https:\/\/www.escolesteatre.org\/es\/wp-json\/wp\/v2\/posts"}],"about":[{"href":"https:\/\/www.escolesteatre.org\/es\/wp-json\/wp\/v2\/types\/post"}],"author":[{"embeddable":true,"href":"https:\/\/www.escolesteatre.org\/es\/wp-json\/wp\/v2\/users\/3"}],"replies":[{"embeddable":true,"href":"https:\/\/www.escolesteatre.org\/es\/wp-json\/wp\/v2\/comments?post=3063"}],"version-history":[{"count":3,"href":"https:\/\/www.escolesteatre.org\/es\/wp-json\/wp\/v2\/posts\/3063\/revisions"}],"predecessor-version":[{"id":3066,"href":"https:\/\/www.escolesteatre.org\/es\/wp-json\/wp\/v2\/posts\/3063\/revisions\/3066"}],"wp:featuredmedia":[{"embeddable":true,"href":"https:\/\/www.escolesteatre.org\/es\/wp-json\/wp\/v2\/media\/3067"}],"wp:attachment":[{"href":"https:\/\/www.escolesteatre.org\/es\/wp-json\/wp\/v2\/media?parent=3063"}],"wp:term":[{"taxonomy":"category","embeddable":true,"href":"https:\/\/www.escolesteatre.org\/es\/wp-json\/wp\/v2\/categories?post=3063"},{"taxonomy":"post_tag","embeddable":true,"href":"https:\/\/www.escolesteatre.org\/es\/wp-json\/wp\/v2\/tags?post=3063"}],"curies":[{"name":"wp","href":"https:\/\/api.w.org\/{rel}","templated":true}]}}