{"id":2315,"date":"2021-10-29T17:05:49","date_gmt":"2021-10-29T17:05:49","guid":{"rendered":"http:\/\/www.escolesteatre.org\/?p=2315"},"modified":"2022-11-08T21:03:24","modified_gmt":"2022-11-08T21:03:24","slug":"la-nostra-gisela","status":"publish","type":"post","link":"https:\/\/www.escolesteatre.org\/es\/la-nostra-gisela\/","title":{"rendered":"La nostra Gisela"},"content":{"rendered":"\n<p>Fa pocs dies moltes de les persones vinculades a l\u2019\u00e0mbit esc\u00e8nic ens vam assabentar que ens ha deixat la Gisela. Ens desmuntem, ens quedem gla\u00e7ades, corpreses i, fins i tot, enrabiades per aquella trucada que aquestes darreres setmanes potser hem deixat passar, aquell \u201cdem\u00e0 la truco\u201d ens rosega el cor i ens q\u00fcestiona la fugacitat temporal de posposar les coses importants envers les urgents. \u00c9s injust. Parlar amb la Gisela sempre ha estat important. Ara ja no podrem parlar m\u00e9s amb ella per\u00f2 s\u00ed que podem parlar d\u2019 ella; recordar-la i compartir.<\/p>\n\n\n\n<div style=\"height:20px\" aria-hidden=\"true\" class=\"wp-block-spacer\"><\/div>\n\n\n\n<p>Aquestes l\u00ednies pretenen retre un petit reconeixement a l\u2019altra Gisela, la nostra, aquella que segurament la fam\u00edlia i les amistats nom\u00e9s entreveuen, som la professi\u00f3, les altres escoles de teatre, les que agra\u00efm totes les seves aportacions i ens planyem per no continuar tenint-la entre nosaltres.<\/p>\n\n\n\n<div style=\"height:20px\" aria-hidden=\"true\" class=\"wp-block-spacer\"><\/div>\n\n\n\n<p>En l\u2019\u00e0mbit professional sentim que Gisela <strong>ets la del pas endavant<\/strong>, la teva excel\u00b7l\u00e8ncia fa definir-te com una dona forta, una professional de refer\u00e8ncia que ha estat important per nosaltres, i que entre c\u00e0stings, classes i reunions, sempre has anat un pas endavant.<\/p>\n\n\n\n<div style=\"height:20px\" aria-hidden=\"true\" class=\"wp-block-spacer\"><\/div>\n\n\n\n<p>Gisela, <strong>la lluitadora<\/strong>. Cal fer esment que has estat una pe\u00e7a clau per l\u2019 ACET, sempre has lluitat pel desenvolupament i la consolidaci\u00f3 de les escoles de teatre a Catalunya des de la teva generositat, saber fer i respecte. Durant gaireb\u00e9 10 anys vam compartir reunions mensuals per aconseguir el que actualment \u00e9s una realitat palesa i en ple auge al territori: la creaci\u00f3 del Cicle Formatiu de Grau Superior de T\u00e8cniques d\u2019 Actuaci\u00f3 Teatral, el t\u00edtol oficial de la Generalitat per impartir estudis superiors d\u2019alta qualitat i amb reconeixement professionalitzador. Formes part<br>esencial d\u2019aquesta fita aconseguida.<\/p>\n\n\n\n<div style=\"height:20px\" aria-hidden=\"true\" class=\"wp-block-spacer\"><\/div>\n\n\n\n<p>Gisela, <strong>la companya<\/strong>. Hem tingut l\u2019 honor de ser companyes amb la Gisela, ens hem q\u00fcestionat plegades situacions pedag\u00f2giques, de gesti\u00f3 de centres educatius, normatives, plans d\u2019 estudis, expedients d\u2019alumnes, pr\u00e0ctiques d\u2019 estudiants&#8230; Ens hem fet costat amb tot el que implica dirigir una escola. Hem fet caf\u00e8s d\u2019aquells que \u201carreglen\u201d escoles de teatre, altres on compartim noms de<br>bons docents, altres on ens animem m\u00fatuament davant de la frustraci\u00f3 de no sortir-nos-en amb un aplicatiu concret del Departament d\u2019 Educaci\u00f3. Moltes han estat les trucades de feina i , en totes, tu, Gisela mai t\u2019oblidables d\u2019 un \u00abCom est\u00e0s?\u00bb o b\u00e9 d\u2019un \u00abCom va tot\u00bb sincer.<\/p>\n\n\n\n<div style=\"height:20px\" aria-hidden=\"true\" class=\"wp-block-spacer\"><\/div>\n\n\n\n<p>Gisela, <strong>la ma estesa<\/strong>. En el nostre sector hi ha moltes persones a qui has donat un cop de m\u00e0. Gent que comen\u00e7a a fer-se un lloc, els primers anys de noves escoles, les iniciatives de noves companyies, les i els artistes amb nous projectes a qui desinteressadament has ajudat en els inicis. Tamb\u00e9 als no tan joves, gent de la professi\u00f3 a qui ens has fet arribar oportunitats de feina i de col.laboracions. La teva generositat abasteix molts fronts i en tots t\u2019ho agra\u00efm i constru\u00efm a partir d\u2019 aqu\u00ed, dels teus consells i del teu tarann\u00e0.<\/p>\n\n\n\n<div style=\"height:20px\" aria-hidden=\"true\" class=\"wp-block-spacer\"><\/div>\n\n\n\n<p>Gisela, <strong>la \u00abjefa\u00bb<\/strong>. Qui et coneix sap que la teva manera de fer, la teva mirada intel\u00b7ligent, perspica\u00e7 i anticipada, sempre ha estat un referent. Encara que no ho volguessis, el teu lideratge natural, sense intromissi\u00f3, i tota la teva experi\u00e8ncia et feia saber llegir entre l\u00ednies, \u00e9s per tot aix\u00f2 que et considerem \u00abjefa\u00bb. T\u2019 estimem \u00abjefa\u00bb.<\/p>\n\n\n\n<div style=\"height:20px\" aria-hidden=\"true\" class=\"wp-block-spacer\"><\/div>\n\n\n\n<p>Cadasc\u00fa de nosaltres de ben segur que t\u00e9 un ep\u00edtet, una descripci\u00f3 afalagadora, a mode de sobrenom que resulta molt dif\u00edcil de resumir en unes l\u00ednies. Us convido a qu\u00e8 la llista d\u2019ep\u00edtets pugui engrandir-se amb totes i cadascuna de les nostres experi\u00e8ncies compartides, xerrades, somriures, mirades c\u00f2mplices en fotogrames de la s\u00e8rie de no ficci\u00f3 que vam poder viure al seu costat.<\/p>\n\n\n\n<div style=\"height:20px\" aria-hidden=\"true\" class=\"wp-block-spacer\"><\/div>\n\n\n\n<p>Tot un plaer, Gisela. Moltes gr\u00e0cies!<\/p>\n","protected":false},"excerpt":{"rendered":"<p>Fa pocs dies moltes de les persones vinculades a l\u2019\u00e0mbit esc\u00e8nic ens vam assabentar que ens ha deixat la Gisela. Ens desmuntem, ens quedem gla\u00e7ades, corpreses i, fins i tot, enrabiades per aquella trucada que aquestes darreres setmanes potser hem deixat passar, aquell \u201cdem\u00e0 la truco\u201d ens rosega el cor i ens q\u00fcestiona la fugacitat temporal de posposar les coses<a href=\"https:\/\/www.escolesteatre.org\/es\/la-nostra-gisela\/\" class=\"read-more\" rel=\"nofollow\">Vull saber m\u00e9s! +<\/a><\/p>\n","protected":false},"author":3,"featured_media":2316,"comment_status":"open","ping_status":"open","sticky":false,"template":"","format":"standard","meta":{"footnotes":""},"categories":[8],"tags":[],"class_list":["post-2315","post","type-post","status-publish","format-standard","has-post-thumbnail","hentry","category-noticies"],"acf":[],"_links":{"self":[{"href":"https:\/\/www.escolesteatre.org\/es\/wp-json\/wp\/v2\/posts\/2315","targetHints":{"allow":["GET"]}}],"collection":[{"href":"https:\/\/www.escolesteatre.org\/es\/wp-json\/wp\/v2\/posts"}],"about":[{"href":"https:\/\/www.escolesteatre.org\/es\/wp-json\/wp\/v2\/types\/post"}],"author":[{"embeddable":true,"href":"https:\/\/www.escolesteatre.org\/es\/wp-json\/wp\/v2\/users\/3"}],"replies":[{"embeddable":true,"href":"https:\/\/www.escolesteatre.org\/es\/wp-json\/wp\/v2\/comments?post=2315"}],"version-history":[{"count":2,"href":"https:\/\/www.escolesteatre.org\/es\/wp-json\/wp\/v2\/posts\/2315\/revisions"}],"predecessor-version":[{"id":2588,"href":"https:\/\/www.escolesteatre.org\/es\/wp-json\/wp\/v2\/posts\/2315\/revisions\/2588"}],"wp:featuredmedia":[{"embeddable":true,"href":"https:\/\/www.escolesteatre.org\/es\/wp-json\/"}],"wp:attachment":[{"href":"https:\/\/www.escolesteatre.org\/es\/wp-json\/wp\/v2\/media?parent=2315"}],"wp:term":[{"taxonomy":"category","embeddable":true,"href":"https:\/\/www.escolesteatre.org\/es\/wp-json\/wp\/v2\/categories?post=2315"},{"taxonomy":"post_tag","embeddable":true,"href":"https:\/\/www.escolesteatre.org\/es\/wp-json\/wp\/v2\/tags?post=2315"}],"curies":[{"name":"wp","href":"https:\/\/api.w.org\/{rel}","templated":true}]}}