{"id":2274,"date":"2021-05-27T11:01:48","date_gmt":"2021-05-27T11:01:48","guid":{"rendered":"http:\/\/www.escolesteatre.org\/?p=2274"},"modified":"2022-11-08T21:59:20","modified_gmt":"2022-11-08T21:59:20","slug":"jornades-pedagogiques-juliol-2021","status":"publish","type":"post","link":"https:\/\/www.escolesteatre.org\/es\/jornades-pedagogiques-juliol-2021\/","title":{"rendered":"Jornades Pedag\u00f2giques juliol 2021"},"content":{"rendered":"\n<p>Tornen les Jornades Pedag\u00f2giques de l\u2019ACET.<\/p>\n\n\n\n<p>Despr\u00e9s de la parada obligat\u00f2ria del juliol passat tornem amb m\u00e9s ganes que mai. Aqu\u00ed us presentem la proposta d\u2019aquesta tercera edici\u00f3. Molt interessant i necess\u00e0ria!<\/p>\n\n\n\n<div style=\"height:100px\" aria-hidden=\"true\" class=\"wp-block-spacer\"><\/div>\n\n\n\n<h2 class=\"wp-block-heading\"><b>REFLEXIONS I &#8220;NOUS&#8221; RECURSOS PER A LES AULES DE TEATRE<\/b><\/h2>\n\n\n\n<div class=\"wp-block-columns\">\n<div class=\"wp-block-column\" style=\"flex-basis:100%\">\n<div class=\"wp-block-group\"><div class=\"wp-block-group__inner-container\">\n<div class=\"wp-block-columns\">\n<div class=\"wp-block-column\" style=\"flex-basis:33.33%\">\n<pre class=\"wp-block-preformatted\"><strong>Koldobika G. V\u00edo\n3 i 4 de juliol 2021\nEspai Lazzigags. Barcelona<\/strong><\/pre>\n<\/div>\n\n\n\n<div class=\"wp-block-column\" style=\"flex-basis:33.33%\">\n<pre class=\"wp-block-preformatted\"><a href=\"http:\/\/www.escolesteatre.org\/jornades-pedagogiques-juliol-2021\/jornadespedagogiques2021\/\" rel=\"attachment wp-att-2284\"><strong>DESCARREGA'T EL DOSSIER AMB TOTA LA INFORMACI\u00d3<\/strong><\/a><\/pre>\n<\/div>\n<\/div>\n<\/div><\/div>\n<\/div>\n<\/div>\n\n\n\n<p><strong>INTRODUCCI\u00d3<\/strong><\/p>\n\n\n\n<p>El teatre pot generar accions positives i sentiments col\u00b7laboratius tant en l&#8217;\u00e9sser hum\u00e0 com a individu i com a col\u00b7lectiu, aix\u00ed com en l&#8217;ambient que l\u2019envolta. Per aquest motiu, l&#8217;art dram\u00e0tic es presenta com una opci\u00f3 d&#8217;aprenentatge capa\u00e7 de generar desenvolupament personal i social, de construir valors i fortaleses en les persones i de construir experi\u00e8ncies creatives de conviv\u00e8ncia i cooperaci\u00f3 grupal.<\/p>\n\n\n\n<div style=\"height:30px\" aria-hidden=\"true\" class=\"wp-block-spacer\"><\/div>\n\n\n\n<p>Aix\u00ed doncs, el teatre no \u00e9s nom\u00e9s un mitj\u00e0 d&#8217;entreteniment i reservat a actors\/actrius i aficionats, sin\u00f3 que \u00e9s una eina creativa estrat\u00e8gica i una alternativa sociopedag\u00f2gica que pot ser utilitzada d&#8217;una manera m\u00e9s formal, positiva i planejada, per obtenir resultats on potser altres estrat\u00e8gies han fracassat. L&#8217;art dram\u00e0tic \u00e9s una proposta oberta a tothom on cada persona pot viure experi\u00e8ncies positives que li omplin d&#8217;incentius i capacitats per a la seva vida.<\/p>\n\n\n\n<div style=\"height:30px\" aria-hidden=\"true\" class=\"wp-block-spacer\"><\/div>\n\n\n\n<p>La formaci\u00f3 en Teatre amb nens i joves ha d&#8217;estar fonamentada en una Pedagogia de l&#8217;Expressi\u00f3 s\u00f2lida, entenent aquesta com l&#8217;espai que presenta una pr\u00e0ctica i teoria pedag\u00f2gica amb la finalitat d\u2019establir les diferents concepcions de l&#8217;Art, i d\u2019assentar les bases que orienten el seu aprenentatge, aix\u00ed com desenvolupar propostes per a l&#8217;acci\u00f3 creativa.<\/p>\n\n\n\n<div style=\"height:50px\" aria-hidden=\"true\" class=\"wp-block-spacer\"><\/div>\n\n\n\n<p><strong>QU\u00c8 PROPOSEM<\/strong><\/p>\n\n\n\n<p>En aquesta formaci\u00f3, en un primer moment, us presentarem una s\u00e8rie <b>d&#8217;elements i principis <\/b>a tenir en compte en els treballs d&#8217;expressi\u00f3 art\u00edstica i intervenci\u00f3 socioeducativa. Elements claus per entendre i orientar-nos en el treball en expressi\u00f3 i treure-li el m\u00e0xim profit.<\/p>\n\n\n\n<div style=\"height:30px\" aria-hidden=\"true\" class=\"wp-block-spacer\"><\/div>\n\n\n\n<p>A la segona part del taller ens centrarem en l\u2019<b>Humor<\/b>, que \u00e9s una fortalesa de la persona, una estrat\u00e8gia pedag\u00f2gica i una forma d&#8217;art dram\u00e0tic, la Com\u00e8dia. L&#8217;Humor ajuda a aprendre i la Com\u00e8dia \u00e9s m\u00e9s &#8220;atractiva&#8221; que altres formes teatrals. Es tracta de jugar i experimentar amb el material c\u00f2mic, entendre l\u2019Humor i les seves possibilitats i adquirir eines per a la seva aplicaci\u00f3.<\/p>\n\n\n\n<div style=\"height:30px\" aria-hidden=\"true\" class=\"wp-block-spacer\"><\/div>\n\n\n\n<p>En un tercer bloc ens aproparem al m\u00f3n del <b>Teatre d&#8217;Objectes<\/b>. No tothom se sent c\u00f2mode a l&#8217;hora d&#8217;expressar-se o participar en una activitat teatral, per\u00f2 no obstant aix\u00f2 el treball a trav\u00e9s d&#8217;objectes ens dona un distanciament i mediador que ajuda i desbloqueja a moltes persones. Ens acostarem al teatre d&#8217;Objectes des de la perspectiva educativa per treballar la creativitat, l&#8217;escolta i la cooperaci\u00f3 de l\u2019alumnat.<\/p>\n\n\n\n<div style=\"height:30px\" aria-hidden=\"true\" class=\"wp-block-spacer\"><\/div>\n\n\n\n<p>Finalitzarem el taller realitzant <b>din\u00e0miques d&#8217;Avaluaci\u00f3 creativa <\/b>que ens ajudaran com a tancament del taller i tamb\u00e9 com a aprenentatge i experimentaci\u00f3.<\/p>\n\n\n\n<div style=\"height:30px\" aria-hidden=\"true\" class=\"wp-block-spacer\"><\/div>\n\n\n\n<p>Es lliurar\u00e0 als participants un dossier PDF amb els diferents punts treballats durant les jornades i on es recullen reflexions, t\u00e8cniques i material bibliogr\u00e0fic.<\/p>\n\n\n\n<div style=\"height:50px\" aria-hidden=\"true\" class=\"wp-block-spacer\"><\/div>\n\n\n\n<p><strong>OBJECTIUS<\/strong><\/p>\n\n\n\n<p>&#8211; Con\u00e8ixer i reflexionar sobre els elements fonamentals de la Pedagogia de l&#8217;Expressi\u00f3.<br>&#8211; Dotar als participants de recursos i t\u00e8cniques per desenvolupar les mat\u00e8ries d&#8217;expressi\u00f3 i creativitat en les seves tasques.<br>&#8211; Donar a con\u00e8ixer les implicacions pedag\u00f2giques del treball des de l\u2019Humor.<br>&#8211; Donar a con\u00e8ixer les possibilitats pedag\u00f2giques del Teatre d&#8217;Objectes.<\/p>\n\n\n\n<div style=\"height:50px\" aria-hidden=\"true\" class=\"wp-block-spacer\"><\/div>\n\n\n\n<p><strong>PROGRAMA<\/strong><\/p>\n\n\n\n<p><b><strong>DISSABTE 3 JULIOL &#8211; MAT\u00cd (4 hores)\u00a0 &#8211; De 10h a 14h.<\/strong><\/b><\/p>\n\n\n\n<p><b>M\u00f2dul 1. <\/b><\/p>\n\n\n\n<p>Elements i principis b\u00e0sics a tenir en compte en els treballs d&#8217;expressi\u00f3 art\u00edstica i teatral: El proc\u00e9s expressiu, Variables en l\u2019Expressi\u00f3 (Persones, Contingut, Espai, Temps, Improvisaci\u00f3), Creativitat, Factors de Creativitat (Flu\u00efdesa, Flexibilitat, Imaginaci\u00f3, Originalitat, Elaboraci\u00f3), Metodologies (Basades en el indirecte, Tensional).<\/p>\n\n\n\n<div style=\"height:10px\" aria-hidden=\"true\" class=\"wp-block-spacer\"><\/div>\n\n\n\n<p><b>M\u00f2dul 2. <\/b><\/p>\n\n\n\n<p>L\u2019humor com a valor i estrat\u00e8gia en el teatre i l\u2019educaci\u00f3: Pedagogia de l&#8217;Humor, Estrat\u00e8gies, T\u00e8cniques i Instruments de creaci\u00f3 en la Com\u00e8dia, les Convencions Dram\u00e0tiques de Jonathan Neelands i Tony Goode, i les seves fases, aplicades a la feina pedag\u00f2gica en Com\u00e8dia.<\/p>\n\n\n\n<div style=\"height:20px\" aria-hidden=\"true\" class=\"wp-block-spacer\"><\/div>\n\n\n\n<p><b><strong>DISSABTE 3 JULIOL \u2013 TARDA (4 hores)\u00a0 &#8211; De 15h a 19h.<\/strong><\/b><\/p>\n\n\n\n<p><b>M\u00f2dul 2. <\/b>continuaci\u00f3.<\/p>\n\n\n\n<div style=\"height:20px\" aria-hidden=\"true\" class=\"wp-block-spacer\"><\/div>\n\n\n\n<p><b><strong>DIUMENGE 4 JULIOL \u2013 MAT\u00cd (4 hores)\u00a0 &#8211; De 10h a 14h.<\/strong><\/b><\/p>\n\n\n\n<p><b>M\u00f2dul 3. <\/b><\/p>\n\n\n\n<p>Teatre d&#8217;objectes: Objectes quotidians \/ una experi\u00e8ncia de desenvolupament de l&#8217;imaginari i la Flexibilitat, Titelles Bunraku \/ una experi\u00e8ncia d&#8217;Escolta i Cooperaci\u00f3, Teatre d&#8217;Ombres \/ una experi\u00e8ncia basant-se el distanciament creatiu.<\/p>\n\n\n\n<div style=\"height:10px\" aria-hidden=\"true\" class=\"wp-block-spacer\"><\/div>\n\n\n\n<p><b>M\u00f2dul 4. <\/b><\/p>\n\n\n\n<p>Avaluaci\u00f3 Creativa. El Taller es tanca amb una reflexi\u00f3 sobre el que hem viscut. Es tracta de centrar idees i propostes per portar el vivenciat al taller i la investigaci\u00f3 a la pr\u00e0ctica de cada participant. S&#8217;utilitzen t\u00e8cniques d&#8217;avaluaci\u00f3 creativa.<\/p>\n\n\n\n<div style=\"height:30px\" aria-hidden=\"true\" class=\"wp-block-spacer\"><\/div>\n\n\n\n<p><b>INSCRIPCIONS<\/b><\/p>\n\n\n\n<p><b>Preu per docents d\u2019escoles de l\u2019ACET: 50\u20ac<\/b> <br><b>Preu reste de docents: 100\u20ac <\/b><br><b>Descomptes: 20% graduats de l&#8217;IT i socis de l&#8217;AADPC, TTP i APdC. <\/b> <br><b>Aforament limitat, <i>places per estricte ordre<\/i> d&#8217;inscripci\u00f3<\/b>. <\/p>\n\n\n\n<div style=\"height:50px\" aria-hidden=\"true\" class=\"wp-block-spacer\"><\/div>\n\n\n\n<div class=\"wp-block-group\"><div class=\"wp-block-group__inner-container\">\n<div class=\"wp-block-columns\">\n<div class=\"wp-block-column\" style=\"flex-basis:100%\"><div class=\"wp-block-image\">\n<figure class=\"aligncenter\"><a href=\"https:\/\/forms.gle\/wUQr6qeQ73gzACCfA\" target=\"_blank\" rel=\"attachment noopener wp-att-2276\"><img decoding=\"async\" src=\"http:\/\/www.escolesteatre.org\/wp-content\/uploads\/2021\/05\/Inscriu-te-aqui-300x62.png\" alt=\"\" class=\"wp-image-2276\"\/><\/a><\/figure>\n<\/div><\/div>\n<\/div>\n<\/div><\/div>\n","protected":false},"excerpt":{"rendered":"<p>El teatre pot generar accions positives i sentiments col\u00b7laboratius tant en l&#8217;\u00e9sser hum\u00e0 com a individu i com a col\u00b7lectiu, aix\u00ed com en l&#8217;ambient que l\u2019envolta. Per aquest motiu, l&#8217;art dram\u00e0tic es presenta com una opci\u00f3 d&#8217;aprenentatge capa\u00e7 de generar desenvolupament personal i social, de construir valors i fortaleses en les persones i de construir experi\u00e8ncies creatives de conviv\u00e8ncia i cooperaci\u00f3 grupal.<\/p>\n","protected":false},"author":3,"featured_media":2275,"comment_status":"open","ping_status":"open","sticky":false,"template":"","format":"standard","meta":{"footnotes":""},"categories":[6,8],"tags":[],"class_list":["post-2274","post","type-post","status-publish","format-standard","has-post-thumbnail","hentry","category-formacions","category-noticies"],"acf":[],"_links":{"self":[{"href":"https:\/\/www.escolesteatre.org\/es\/wp-json\/wp\/v2\/posts\/2274","targetHints":{"allow":["GET"]}}],"collection":[{"href":"https:\/\/www.escolesteatre.org\/es\/wp-json\/wp\/v2\/posts"}],"about":[{"href":"https:\/\/www.escolesteatre.org\/es\/wp-json\/wp\/v2\/types\/post"}],"author":[{"embeddable":true,"href":"https:\/\/www.escolesteatre.org\/es\/wp-json\/wp\/v2\/users\/3"}],"replies":[{"embeddable":true,"href":"https:\/\/www.escolesteatre.org\/es\/wp-json\/wp\/v2\/comments?post=2274"}],"version-history":[{"count":4,"href":"https:\/\/www.escolesteatre.org\/es\/wp-json\/wp\/v2\/posts\/2274\/revisions"}],"predecessor-version":[{"id":2608,"href":"https:\/\/www.escolesteatre.org\/es\/wp-json\/wp\/v2\/posts\/2274\/revisions\/2608"}],"wp:featuredmedia":[{"embeddable":true,"href":"https:\/\/www.escolesteatre.org\/es\/wp-json\/"}],"wp:attachment":[{"href":"https:\/\/www.escolesteatre.org\/es\/wp-json\/wp\/v2\/media?parent=2274"}],"wp:term":[{"taxonomy":"category","embeddable":true,"href":"https:\/\/www.escolesteatre.org\/es\/wp-json\/wp\/v2\/categories?post=2274"},{"taxonomy":"post_tag","embeddable":true,"href":"https:\/\/www.escolesteatre.org\/es\/wp-json\/wp\/v2\/tags?post=2274"}],"curies":[{"name":"wp","href":"https:\/\/api.w.org\/{rel}","templated":true}]}}