{"id":1974,"date":"2020-02-28T12:03:15","date_gmt":"2020-02-28T12:03:15","guid":{"rendered":"http:\/\/www.escolesteatre.org\/?p=1974"},"modified":"2022-11-08T22:40:48","modified_gmt":"2022-11-08T22:40:48","slug":"formacio-i-orientacio-laboral-fol","status":"publish","type":"post","link":"https:\/\/www.escolesteatre.org\/es\/formacio-i-orientacio-laboral-fol\/","title":{"rendered":"FORMACI\u00d3 I ORIENTACI\u00d3 LABORAL (FOL)"},"content":{"rendered":"\n<p>L\u2019ACET (Associaci\u00f3 Catalana d\u2019Escoles de Teatre) i l\u2019<a href=\"https:\/\/www.aadpc.cat\/\" target=\"_blank\" rel=\"noopener\">AADPC<\/a> (Associaci\u00f3 d\u2019Actors i Directors Professionals de Catalunya) posen en marxa una nova jornada FOL per a estudiants i recent diplomats de les escoles ACET.<\/p>\n\n\n\n<div style=\"height:50px\" aria-hidden=\"true\" class=\"wp-block-spacer\"><\/div>\n\n\n\n<p><strong>Continguts:<\/strong><\/p>\n\n\n\n<p>\u2022 Actors, actrius i r\u00e8gim laboral.<\/p>\n\n\n\n<p>\u2022 Drets d&#8217;imatge i Drets de Propietat Intel\u00b7lectual.<\/p>\n\n\n\n<p>\u2022 Com crear una companyia i marc jur\u00eddic i fiscal : associacions i cooperatives.<\/p>\n\n\n\n<p>\u2022 Responsabilitats i deures de l&#8217;actor i actriu.<\/p>\n\n\n\n<p>\u2022 Espai per preguntes i respostes .<\/p>\n\n\n\n<div style=\"height:50px\" aria-hidden=\"true\" class=\"wp-block-spacer\"><\/div>\n\n\n\n<p><strong>Destinataris:<\/strong><\/p>\n\n\n\n<p>&#8211; estudiants d\u2019\u00faltim any dels estudis d\u2019Arts Esc\u00e8niques<\/p>\n\n\n\n<p>&#8211; docents de les escoles<\/p>\n\n\n\n<p>&#8211; diplomats dels dos \u00faltims anys<\/p>\n\n\n\n<div style=\"height:50px\" aria-hidden=\"true\" class=\"wp-block-spacer\"><\/div>\n\n\n\n<p><strong>Sessi\u00f3 condu\u00efda per:<\/strong><\/p>\n\n\n\n<p><strong>Cristina Calvet<\/strong>, advocada especialitzada en dret de propietat intel\u00b7lectual, i <strong>Andrea Leunda<\/strong>, advocada especialitzada en dret laboral.<br>Responsables del Departament jur\u00eddic de l\u2019Associaci\u00f3 d\u2019Actors i Directors Professionals de Catalunya, AADPC.<\/p>\n\n\n\n<div style=\"height:70px\" aria-hidden=\"true\" class=\"wp-block-spacer\"><\/div>\n\n\n\n<p><em><strong>Divendres 13 de mar\u00e7<\/strong><\/em><br><em><strong>de 9,30 a 14,00h<\/strong><\/em><br><em><strong>F\u00e0brica de Creaci\u00f3 Fabra i Coats (Carrer de Sant Adri\u00e0, 20)<\/strong><\/em><br><em>Com arribar:<\/em><br><em>Metro: L1 (Sant Andreu) \/ Bus: 11, 40, N9, H4, H8 i 126 \/ Renfe: Sant Andreu Comtal<\/em><br><em><strong>Sessi\u00f3 gratu\u00efta per tota la comunitat ACET<\/strong><\/em><\/p>\n\n\n\n<div style=\"height:50px\" aria-hidden=\"true\" class=\"wp-block-spacer\"><\/div>\n\n\n\n<div class=\"wp-block-buttons\">\n<div class=\"wp-block-button\"><a class=\"wp-block-button__link wp-element-button\" href=\"https:\/\/forms.gle\/vhLcPZnU8sy5jL8W8\" target=\"_blank\" rel=\"noreferrer noopener\">INSCRIPCIONS<\/a><\/div>\n<\/div>\n\n\n\n<blockquote class=\"wp-block-quote\">\n<p><\/p>\n<\/blockquote>\n","protected":false},"excerpt":{"rendered":"<p>L\u2019ACET (Associaci\u00f3 Catalana d\u2019Escoles de Teatre) i l\u2019AADPC (Associaci\u00f3 d\u2019Actors i Directors Professionals de Catalunya) posen en marxa una nova jornada FOL per a estudiants i recent diplomats de les escoles ACET.<\/p>\n","protected":false},"author":3,"featured_media":1981,"comment_status":"open","ping_status":"open","sticky":false,"template":"","format":"standard","meta":{"footnotes":""},"categories":[6,8],"tags":[],"class_list":["post-1974","post","type-post","status-publish","format-standard","has-post-thumbnail","hentry","category-formacions","category-noticies"],"acf":[],"_links":{"self":[{"href":"https:\/\/www.escolesteatre.org\/es\/wp-json\/wp\/v2\/posts\/1974","targetHints":{"allow":["GET"]}}],"collection":[{"href":"https:\/\/www.escolesteatre.org\/es\/wp-json\/wp\/v2\/posts"}],"about":[{"href":"https:\/\/www.escolesteatre.org\/es\/wp-json\/wp\/v2\/types\/post"}],"author":[{"embeddable":true,"href":"https:\/\/www.escolesteatre.org\/es\/wp-json\/wp\/v2\/users\/3"}],"replies":[{"embeddable":true,"href":"https:\/\/www.escolesteatre.org\/es\/wp-json\/wp\/v2\/comments?post=1974"}],"version-history":[{"count":3,"href":"https:\/\/www.escolesteatre.org\/es\/wp-json\/wp\/v2\/posts\/1974\/revisions"}],"predecessor-version":[{"id":2681,"href":"https:\/\/www.escolesteatre.org\/es\/wp-json\/wp\/v2\/posts\/1974\/revisions\/2681"}],"wp:featuredmedia":[{"embeddable":true,"href":"https:\/\/www.escolesteatre.org\/es\/wp-json\/"}],"wp:attachment":[{"href":"https:\/\/www.escolesteatre.org\/es\/wp-json\/wp\/v2\/media?parent=1974"}],"wp:term":[{"taxonomy":"category","embeddable":true,"href":"https:\/\/www.escolesteatre.org\/es\/wp-json\/wp\/v2\/categories?post=1974"},{"taxonomy":"post_tag","embeddable":true,"href":"https:\/\/www.escolesteatre.org\/es\/wp-json\/wp\/v2\/tags?post=1974"}],"curies":[{"name":"wp","href":"https:\/\/api.w.org\/{rel}","templated":true}]}}