{"id":1081,"date":"2015-06-18T14:56:33","date_gmt":"2015-06-18T14:56:33","guid":{"rendered":"http:\/\/www.escolesteatre.org\/?p=1081"},"modified":"2022-11-08T23:22:09","modified_gmt":"2022-11-08T23:22:09","slug":"roda-de-premsa-nova-titulacio","status":"publish","type":"post","link":"https:\/\/www.escolesteatre.org\/es\/roda-de-premsa-nova-titulacio\/","title":{"rendered":"Roda de premsa. Nova titulaci\u00f3"},"content":{"rendered":"\n<p><!--:ca--><strong>L\u2019ACET presenta el nou Cicle Formatiu de Grau Superior en T\u00e8cniques d\u2019Actuaci\u00f3 Teatral.<\/strong><\/p>\n\n\n\n<div style=\"height:30px\" aria-hidden=\"true\" class=\"wp-block-spacer\"><\/div>\n\n\n\n<p>L\u2019Associaci\u00f3 Catalana d\u2019Escoles de Teatre (ACET) ha presentat aquest mat\u00ed, a la seu de l\u2019SGAE de Barcelona, el nou <strong>Cicle Formatiu de Grau Superior en T\u00e8cniques d\u2019Actuaci\u00f3 Teatral<\/strong>. El nou cicle t\u00e9 com a objectiu respondre a les necessitats de qualificaci\u00f3 professional del sector teatral catal\u00e0.<\/p>\n\n\n\n<div style=\"height:30px\" aria-hidden=\"true\" class=\"wp-block-spacer\"><\/div>\n\n\n\n<p>L\u2019ACET no ha deixat de treballar i reivindicar, ja des dels seus inicis l\u2019any 1999, perqu\u00e8 la tasca docent de les escoles de teatre privades, siguin o no de l\u2019ACET, tingui un reconeixement oficial per part de la Generalitat. Per fi, al juny del 2015, aquests&nbsp; estudis reglats han estat aprovats i a partir de setembre les escoles de teatre catalanes podran oferir la nova titulaci\u00f3.<\/p>\n\n\n\n<div style=\"height:30px\" aria-hidden=\"true\" class=\"wp-block-spacer\"><\/div>\n\n\n\n<p>Olga Adroher, responsable dels serveis d\u2019Ordenaci\u00f3 dels Ensenyaments de R\u00e8gim Especial de la Generalitat de Catalunya, ha destacat la tasca de l\u2019Acet en concebre, plantejar i participar en l\u2019elaboraci\u00f3 del programa d\u2019estudis de la titulaci\u00f3, conjuntament amb l\u2019Institut del Teatre i Ensenyament.<\/p>\n\n\n\n<div style=\"height:30px\" aria-hidden=\"true\" class=\"wp-block-spacer\"><\/div>\n\n\n\n<p>Per la seva banda, Rosa Andreu, vocal de l\u2019Associaci\u00f3 d\u2019Actors i Directors Professionals de Catalunya (AADPC) ha confirmat la necessitat de capacitaci\u00f3 dels professionals del teatre i ha refermat el recolzament de l\u2019AADPC a la tasca docent de l\u2019ACET.<\/p>\n\n\n\n<div style=\"height:30px\" aria-hidden=\"true\" class=\"wp-block-spacer\"><\/div>\n\n\n\n<p>Per concloure l\u2019acte, Antonio G\u00f3mez, actual president de l\u2019ACET ha remarcat que \u201cel cam\u00ed fins arribar a la titulaci\u00f3 que avui presentem ha estat llarg i complex perqu\u00e8 des de l\u2019ACET&nbsp; hem tingut sempre clar que vol\u00edem encabir i tenir en compte totes les inquietuds de les escoles&nbsp; teatrals&nbsp; i la professi\u00f3, vol\u00edem consens. I podem felicitar-nos perqu\u00e8 aix\u00f2 tamb\u00e9 ho hem aconseguit\u201d.<\/p>\n\n\n\n<div style=\"height:30px\" aria-hidden=\"true\" class=\"wp-block-spacer\"><\/div>\n\n\n\n<p>El CFGS en T\u00e8cniques d\u2019Actuaci\u00f3 Teatral consta de deu m\u00f2duls professionals, dels quals nou s\u2019imparteixen al centre educatiu i inclouen mat\u00e8ries com a t\u00e8cniques d\u2019interpretaci\u00f3, entrenament corporal i de la veu, m\u00e0scara, cant, muntatges esc\u00e8nics, t\u00e8cniques de dinamitzaci\u00f3, t\u00e8cniques d\u2019expressi\u00f3 i comunicaci\u00f3, entre d\u2019altres, i un m\u00f2dul corresponent a les pr\u00e0ctiques externes s\u2019imparteix en empreses del sector. En total el cicle formatiu conta de 2000 hores, impartides en dos anys acad\u00e8mics.<\/p>\n\n\n\n<div style=\"height:30px\" aria-hidden=\"true\" class=\"wp-block-spacer\"><\/div>\n\n\n\n<p>Els directors de les escoles de l\u2019ACET i d\u2019altres escoles de teatre d\u2019arreu del territori catal\u00e0, representants de l\u2019AADPC i SGAE i actors, directors i docents s\u2019han volgut sumar a l\u2019acte i celebrar la consecuci\u00f3 d\u2019aquesta fita important per la doc\u00e8ncia i la professi\u00f3 teatral catalana.<!--:--><!--:es--><\/p>\n","protected":false},"excerpt":{"rendered":"<p>L\u2019ACET presenta el nou Cicle Formatiu de Grau Superior en T\u00e8cniques d\u2019Actuaci\u00f3 Teatral.<\/p>\n<p>L\u2019Associaci\u00f3 Catalana d\u2019Escoles de Teatre (ACET) ha presentat aquest mat\u00ed, a la seu de l\u2019SGAE de Barcelona, el nou Cicle Formatiu de Grau Superior en T\u00e8cniques d\u2019Actuaci\u00f3 Teatral. El nou cicle t\u00e9 com a objectiu respondre a les necessitats de qualificaci\u00f3 professional del sector teatral catal\u00e0.<\/p>\n","protected":false},"author":3,"featured_media":0,"comment_status":"open","ping_status":"open","sticky":false,"template":"","format":"standard","meta":{"footnotes":""},"categories":[8],"tags":[],"class_list":["post-1081","post","type-post","status-publish","format-standard","hentry","category-noticies"],"acf":[],"_links":{"self":[{"href":"https:\/\/www.escolesteatre.org\/es\/wp-json\/wp\/v2\/posts\/1081","targetHints":{"allow":["GET"]}}],"collection":[{"href":"https:\/\/www.escolesteatre.org\/es\/wp-json\/wp\/v2\/posts"}],"about":[{"href":"https:\/\/www.escolesteatre.org\/es\/wp-json\/wp\/v2\/types\/post"}],"author":[{"embeddable":true,"href":"https:\/\/www.escolesteatre.org\/es\/wp-json\/wp\/v2\/users\/3"}],"replies":[{"embeddable":true,"href":"https:\/\/www.escolesteatre.org\/es\/wp-json\/wp\/v2\/comments?post=1081"}],"version-history":[{"count":1,"href":"https:\/\/www.escolesteatre.org\/es\/wp-json\/wp\/v2\/posts\/1081\/revisions"}],"predecessor-version":[{"id":2753,"href":"https:\/\/www.escolesteatre.org\/es\/wp-json\/wp\/v2\/posts\/1081\/revisions\/2753"}],"wp:attachment":[{"href":"https:\/\/www.escolesteatre.org\/es\/wp-json\/wp\/v2\/media?parent=1081"}],"wp:term":[{"taxonomy":"category","embeddable":true,"href":"https:\/\/www.escolesteatre.org\/es\/wp-json\/wp\/v2\/categories?post=1081"},{"taxonomy":"post_tag","embeddable":true,"href":"https:\/\/www.escolesteatre.org\/es\/wp-json\/wp\/v2\/tags?post=1081"}],"curies":[{"name":"wp","href":"https:\/\/api.w.org\/{rel}","templated":true}]}}