{"id":2349,"date":"2022-09-12T07:42:19","date_gmt":"2022-09-12T07:42:19","guid":{"rendered":"http:\/\/www.escolesteatre.org\/?p=2349"},"modified":"2023-02-25T22:15:23","modified_gmt":"2023-02-25T22:15:23","slug":"curs-aspectes-preventius-i-dintervencio-en-violencia-sexual","status":"publish","type":"post","link":"https:\/\/www.escolesteatre.org\/en\/curs-aspectes-preventius-i-dintervencio-en-violencia-sexual\/","title":{"rendered":"CURS: ASPECTES PREVENTIUS I D\u2019INTERVENCI\u00d3 EN VIOL\u00c8NCIA SEXUAL"},"content":{"rendered":"\n<p><strong>Objectius<\/strong><\/p>\n\n\n\n<p>&#8211; Aconseguir que les escoles de teatre siguin espais segurs per a totes les persones que<br>hi treballen i que s\u2019hi formen.<\/p>\n\n\n\n<p>&#8211; Facilitar informaci\u00f3 i instruments als i les professionals que treballen a les escoles de<br>teatre per a que puguin prendre mesures preventives i d\u2019actuaci\u00f3 necess\u00e0ries davant de<br>sospites o revelacions de casos.<\/p>\n\n\n\n<div style=\"height:57px\" aria-hidden=\"true\" class=\"wp-block-spacer\"><\/div>\n\n\n\n<p><strong>Continguts<\/strong><\/p>\n\n\n\n<p><strong>M\u00f2dul 1) Fonaments psicosocials de la viol\u00e8ncia sexual<\/strong><\/p>\n\n\n\n<p>&#8211; Fonaments Socials de la Viol\u00e8ncia<\/p>\n\n\n\n<p>&#8211; Bases psicol\u00f2giques de la Viol\u00e8ncia i els seus mites<\/p>\n\n\n\n<p>&#8211; Caracter\u00edstiques dels autors<\/p>\n\n\n\n<div style=\"height:34px\" aria-hidden=\"true\" class=\"wp-block-spacer\"><\/div>\n\n\n\n<p><strong>M\u00f2dul 2) Aspectes t\u00e8cnics i \u00e8tics en la interacci\u00f3 amb alumnat en context educatiu<\/strong><\/p>\n\n\n\n<p>&#8211; Viol\u00e8ncia Sexual i Riscos vers infants i persones adultes<\/p>\n\n\n\n<p>&#8211; Actuaci\u00f3 \u00e8tica en la interacci\u00f3 amb alumnat al centre educatiu<\/p>\n\n\n\n<p>&#8211; Actuaci\u00f3 \u00e8tica en la interacci\u00f3 amb alumnat fora del centre educatiu<\/p>\n\n\n\n<p>&#8211; Aspectes de funcionament intern del centre per garantir transpar\u00e8ncia<\/p>\n\n\n\n<div style=\"height:40px\" aria-hidden=\"true\" class=\"wp-block-spacer\"><\/div>\n\n\n\n<p><strong>M\u00f2dul 3) Addiccions i riscos de les xarxes socials<\/strong><\/p>\n\n\n\n<p>&#8211; Addicci\u00f3 a les Xarxes Socials i a Internet.<\/p>\n\n\n\n<p>&#8211; Ludopatia i Compres Compulsives On-line<\/p>\n\n\n\n<p>&#8211; Assetjament i Ciberassetjament<\/p>\n\n\n\n<div style=\"height:79px\" aria-hidden=\"true\" class=\"wp-block-spacer\"><\/div>\n\n\n\n<p><strong>Formadora<\/strong><\/p>\n\n\n\n<p><strong>Dra. Elena Garrido Gait\u00e1n<\/strong> &#8211; BAMA PSICOLOGIA<br>Doctora en Psicologia per la UAB. Acreditada com experta en Psicologia Jur\u00eddica i Forense pel<br>COPC. Psic\u00f2loga cl\u00ednica i habilitada en \u00c0mbit Sanitari. Professora al Grau de Criminologia i al<br>Grau de Prevenci\u00f3 i Seguretat de l\u2019UAB. Directora del M\u00e0ster en Psicologia Jur\u00eddica i Forense<br>(UAB) i docent en altres M\u00e0sters, Postgraus i cursos d\u2019Especialitat.<\/p>\n\n\n\n<div style=\"height:46px\" aria-hidden=\"true\" class=\"wp-block-spacer\"><\/div>\n\n\n\n<p><strong>Destinataris<\/strong><\/p>\n\n\n\n<p>Principalment docents d\u2019arts esc\u00e8niques i direccions de les escoles de l\u2019ACET.<br>Docents d\u2019altres entitats educatives.<\/p>\n\n\n\n<div style=\"height:41px\" aria-hidden=\"true\" class=\"wp-block-spacer\"><\/div>\n\n\n\n<p><strong>Metodologia<\/strong><\/p>\n\n\n\n<p>El treball s\u2019organitza a trav\u00e9s de la plataforma d\u2019e-learning Moodle on hi haur\u00e0 penjats els v\u00eddeos<br>del curs, i un espai on poder compartir dubtes i comentaris amb la formadora, i tamb\u00e9 on<br>compartir treballs i documents.<\/p>\n\n\n\n<div style=\"height:45px\" aria-hidden=\"true\" class=\"wp-block-spacer\"><\/div>\n\n\n\n<p><strong>Dates<\/strong><br>del 3 al 31 d\u2019octubre, 2022<\/p>\n\n\n\n<p><strong>Preu<\/strong><br>&#8211; 15\u20ac docents de l\u2019ACET<br>&#8211; 30 \u20ac docents no ACET<\/p>\n\n\n\n<div style=\"height:48px\" aria-hidden=\"true\" class=\"wp-block-spacer\"><\/div>\n\n\n\n<p><strong>Inscripcions<\/strong><br>Inscripcions obertes fins el 28 de setembre o fins a cobrir el l\u00edmit de places (35).<\/p>\n\n\n\n<p>Per inscriure\u00b4t ves al <a href=\"https:\/\/docs.google.com\/forms\/d\/e\/1FAIpQLSfHhpCrN_R_kylB5s9KqkRbaaSM0GM-Egg-QoQVSvEK1e_m2g\/viewform\" target=\"_blank\" rel=\"noopener\"><strong>FORMULARI<\/strong><\/a>\n\nI despr\u00e9s fes el pagament del 15\u20ac o 30\u20ac al n\u00famero de compte:\nES06 0081 0167 4800 0172 4175<\/p>\n\n\n\n<div style=\"height:60px\" aria-hidden=\"true\" class=\"wp-block-spacer\"><\/div>\n\n\n\n<p>Amb el suport de<\/p>\n\n\n\n<figure class=\"wp-block-image size-medium is-resized\"><img loading=\"lazy\" decoding=\"async\" src=\"https:\/\/www.escolesteatre.org\/wp-content\/uploads\/2023\/02\/ajuntament_barcelona_signatura_capsula_transparent_ribet_neg-300x118.png\" alt=\"\" class=\"wp-image-2935\" width=\"150\" height=\"59\" srcset=\"https:\/\/www.escolesteatre.org\/wp-content\/uploads\/2023\/02\/ajuntament_barcelona_signatura_capsula_transparent_ribet_neg-300x118.png 300w, https:\/\/www.escolesteatre.org\/wp-content\/uploads\/2023\/02\/ajuntament_barcelona_signatura_capsula_transparent_ribet_neg-1024x404.png 1024w, https:\/\/www.escolesteatre.org\/wp-content\/uploads\/2023\/02\/ajuntament_barcelona_signatura_capsula_transparent_ribet_neg-768x303.png 768w, https:\/\/www.escolesteatre.org\/wp-content\/uploads\/2023\/02\/ajuntament_barcelona_signatura_capsula_transparent_ribet_neg-1536x606.png 1536w, https:\/\/www.escolesteatre.org\/wp-content\/uploads\/2023\/02\/ajuntament_barcelona_signatura_capsula_transparent_ribet_neg-2048x809.png 2048w\" sizes=\"auto, (max-width: 150px) 100vw, 150px\" \/><\/figure>\n","protected":false},"excerpt":{"rendered":"<p>Objectius &#8211; Aconseguir que les escoles de teatre siguin espais segurs per a totes les persones quehi treballen i que s\u2019hi formen. &#8211; Facilitar informaci\u00f3 i instruments als i les professionals que treballen a les escoles deteatre per a que puguin prendre mesures preventives i d\u2019actuaci\u00f3 necess\u00e0ries davant desospites o revelacions de casos. Continguts M\u00f2dul 1) Fonaments psicosocials de la<a href=\"https:\/\/www.escolesteatre.org\/en\/curs-aspectes-preventius-i-dintervencio-en-violencia-sexual\/\" class=\"read-more\" rel=\"nofollow\">Vull saber m\u00e9s! +<\/a><\/p>\n","protected":false},"author":3,"featured_media":2916,"comment_status":"open","ping_status":"open","sticky":false,"template":"","format":"standard","meta":{"footnotes":""},"categories":[6,8],"tags":[],"class_list":["post-2349","post","type-post","status-publish","format-standard","has-post-thumbnail","hentry","category-formacions","category-noticies"],"acf":[],"_links":{"self":[{"href":"https:\/\/www.escolesteatre.org\/en\/wp-json\/wp\/v2\/posts\/2349","targetHints":{"allow":["GET"]}}],"collection":[{"href":"https:\/\/www.escolesteatre.org\/en\/wp-json\/wp\/v2\/posts"}],"about":[{"href":"https:\/\/www.escolesteatre.org\/en\/wp-json\/wp\/v2\/types\/post"}],"author":[{"embeddable":true,"href":"https:\/\/www.escolesteatre.org\/en\/wp-json\/wp\/v2\/users\/3"}],"replies":[{"embeddable":true,"href":"https:\/\/www.escolesteatre.org\/en\/wp-json\/wp\/v2\/comments?post=2349"}],"version-history":[{"count":4,"href":"https:\/\/www.escolesteatre.org\/en\/wp-json\/wp\/v2\/posts\/2349\/revisions"}],"predecessor-version":[{"id":2940,"href":"https:\/\/www.escolesteatre.org\/en\/wp-json\/wp\/v2\/posts\/2349\/revisions\/2940"}],"wp:featuredmedia":[{"embeddable":true,"href":"https:\/\/www.escolesteatre.org\/en\/wp-json\/wp\/v2\/media\/2916"}],"wp:attachment":[{"href":"https:\/\/www.escolesteatre.org\/en\/wp-json\/wp\/v2\/media?parent=2349"}],"wp:term":[{"taxonomy":"category","embeddable":true,"href":"https:\/\/www.escolesteatre.org\/en\/wp-json\/wp\/v2\/categories?post=2349"},{"taxonomy":"post_tag","embeddable":true,"href":"https:\/\/www.escolesteatre.org\/en\/wp-json\/wp\/v2\/tags?post=2349"}],"curies":[{"name":"wp","href":"https:\/\/api.w.org\/{rel}","templated":true}]}}