{"id":2340,"date":"2022-03-25T08:32:31","date_gmt":"2022-03-25T08:32:31","guid":{"rendered":"http:\/\/www.escolesteatre.org\/?p=2340"},"modified":"2022-11-08T20:06:11","modified_gmt":"2022-11-08T20:06:11","slug":"missatge-del-dia-mundial-del-teatre","status":"publish","type":"post","link":"https:\/\/www.escolesteatre.org\/en\/missatge-del-dia-mundial-del-teatre\/","title":{"rendered":"MISSATGE DEL DIA MUNDIAL DEL TEATRE, per Peter Sellars"},"content":{"rendered":"\n<p>Benvolguts amics i amigues,<\/p>\n\n\n\n<p>Quan el m\u00f3n penja d\u2019un fil, a cada moment del degoteig de not\u00edcies, permeteu-me que us convidi, que ens proposem d\u2019entrar, com a creadors, al nostre propi \u00e0mbit, al nostre cercle, amb la nostra perspectiva del temps \u00e8pic, d\u2019un canvi \u00e8pic, d\u2019una consci\u00e8ncia \u00e8pica, d\u2019una reflexi\u00f3 \u00e8pica i, d\u2019una visi\u00f3 \u00e8pica? Vivim un per\u00edode \u00e8pic de la hist\u00f2ria de la humanitat i els canvis profunds i transcendentals que estem experimentant en les relacions entre nosaltres i amb els mons no humans, van gaireb\u00e9 m\u00e9s enll\u00e0 de les nostres capacitats per comprendre, articular, parlar i expressar.<\/p>\n\n\n\n<p>No vivim en un canal de not\u00edcies de 24 hores; vivim al l\u00edmit del temps. Els diaris i els mitjans de comunicaci\u00f3 no estan prou dotats i s\u00f3n incapa\u00e7os de fer front al que estem sentint.<\/p>\n\n\n\n<p>On \u00e9s el llenguatge, quins s\u00f3n els moviments, i quines s\u00f3n les imatges que ens poden permetre comprendre els profunds canvis i ruptures que estem patint? I com podem transmetre el contingut de les nostres vides en aquests moments, no com una cr\u00f2nica sin\u00f3 com una viv\u00e8ncia?<\/p>\n\n\n\n<p>El teatre \u00e9s l&#8217;art de l&#8217;experi\u00e8ncia.<\/p>\n\n\n\n<p>En un m\u00f3n aclaparat per grans campanyes publicit\u00e0ries, experi\u00e8ncies simulades, prediccions esgarrifoses, com podem anar m\u00e9s enll\u00e0 de la repetici\u00f3 inacabable de xifres per experimentar la santedat i l&#8217;infinit d&#8217;una sola vida, d\u2019un ecosistema \u00fanic, d\u2019una amistat o de la qualitat de la llum en un cel estrany? Dos anys de COVID-19 han esmorte\u00eft els sentits, han escur\u00e7at la vida, han trencat les connexions de la gent; i ens han col\u00b7locat en una estranya zona zero com a habitacle hum\u00e0.<\/p>\n\n\n\n<p>Quines llavors s&#8217;han de plantar i replantar en aquests anys, i quines s\u00f3n les males herbes i esp\u00e8cies invasives que s\u2019han d\u2019eliminar per complet per sempre m\u00e9s? Molta gent est\u00e0 al l\u00edmit. Hi ha tanta viol\u00e8ncia esclatant irracionalment o inesperadament! Tants sistemes establerts s\u2019han revelat com a estructures de crueltat cont\u00ednua!<\/p>\n\n\n\n<p>On s\u00f3n les nostres cerim\u00f2nies de commemoraci\u00f3? Qu\u00e8 cal que recordem? Quins s\u00f3n els rituals que ens permeten, per fi, reimaginar i comen\u00e7ar a assajar els passos que no hem fet mai abans?<\/p>\n\n\n\n<p>El teatre de la visi\u00f3 \u00e8pica, dels prop\u00f2sits, de la recuperaci\u00f3, de la reparaci\u00f3 i de la cura necessita nous rituals. No cal que ens entretinguin. Ens hem de reunir. Hem de compartir l\u2019espai i hem de cultivar l\u2019espai compartit. Necessitem espais protegits d&#8217;escolta activa i d\u2019igualtat.<\/p>\n\n\n\n<p>El teatre \u00e9s la creaci\u00f3 a la terra d\u2019un espai d&#8217;igualtat entre els humans, els d\u00e9us, les plantes, els animals, les gotes de pluja, les ll\u00e0grimes i la regeneraci\u00f3. L&#8217;espai d&#8217;igualtat i d\u2019escolta activa s&#8217;il\u00b7lumina per la bellesa oculta, que es mant\u00e9 viva en una constant interacci\u00f3 entre el perill, l\u2019equanimitat, la saviesa, l\u2019acci\u00f3 i la paci\u00e8ncia.<\/p>\n\n\n\n<p>A&nbsp;<em>El Sutra de l\u2019ornament floral<\/em>, Buda enumera deu tipus de gran paci\u00e8ncia en la vida humana. Un dels m\u00e9s poderosos s\u2019anomena Paci\u00e8ncia per percebre tot com un miratge. El teatre sempre ha presentat la vida d\u2019aquest m\u00f3n com si fos un miratge, que ens permet veure a trav\u00e9s de la il\u00b7lusi\u00f3 humana, el deliri, la ceguesa i la negaci\u00f3 amb una claredat i una for\u00e7a alliberadora.<\/p>\n\n\n\n<p>Estem tan conven\u00e7uts d\u2019all\u00f2 que estem veient i de la manera com ho estem fent, que no som capa\u00e7os de veure i sentir realitats alternatives, noves possibilitats, enfocaments diferents, relacions invisibles, i connexions atemporals.<\/p>\n\n\n\n<p>Aquest \u00e9s un moment per revitalitzar de dalt a baix les nostres ments, els nostres sentits, la nostra imaginaci\u00f3, les nostres hist\u00f2ries i els nostres futurs. Aquesta tasca no es pot fer treballant individualment. Aquesta \u00e9s una feina per fer-la plegats. El teatre \u00e9s la invitaci\u00f3 per fer aquest treball junts.<\/p>\n\n\n\n<p>Les meves m\u00e9s sinceres gr\u00e0cies per la vostra feina.<\/p>\n\n\n\n<div style=\"height:40px\" aria-hidden=\"true\" class=\"wp-block-spacer\"><\/div>\n\n\n\n<p><strong>Peter Sellars<\/strong><\/p>\n\n\n\n<p>Director de Teatre, \u00d2pera i Festivals<\/p>\n\n\n\n<p>Dia Mundial del Teatre 2022<\/p>\n\n\n\n<p><em>(Traducci\u00f3 de la professora d\u2019angl\u00e8s Teresa Naves i la professora de catal\u00e0 Susanna Arias amb l\u2019ajut de l\u2019escriptor d\u2019Estats Units David C. Hall)<\/em><\/p>\n\n\n\n<p>\u00a0<\/p>\n","protected":false},"excerpt":{"rendered":"<p>Benvolguts amics i amigues, Quan el m\u00f3n penja d\u2019un fil, a cada moment del degoteig de not\u00edcies, permeteu-me que us convidi, que ens proposem d\u2019entrar, com a creadors, al nostre propi \u00e0mbit, al nostre cercle, amb la nostra perspectiva del temps \u00e8pic, d\u2019un canvi \u00e8pic, d\u2019una consci\u00e8ncia \u00e8pica, d\u2019una reflexi\u00f3 \u00e8pica i, d\u2019una visi\u00f3 \u00e8pica? Vivim un per\u00edode \u00e8pic de<a href=\"https:\/\/www.escolesteatre.org\/en\/missatge-del-dia-mundial-del-teatre\/\" class=\"read-more\" rel=\"nofollow\">Vull saber m\u00e9s! +<\/a><\/p>\n","protected":false},"author":3,"featured_media":2942,"comment_status":"open","ping_status":"open","sticky":false,"template":"","format":"standard","meta":{"footnotes":""},"categories":[8],"tags":[],"class_list":["post-2340","post","type-post","status-publish","format-standard","has-post-thumbnail","hentry","category-noticies"],"acf":[],"_links":{"self":[{"href":"https:\/\/www.escolesteatre.org\/en\/wp-json\/wp\/v2\/posts\/2340","targetHints":{"allow":["GET"]}}],"collection":[{"href":"https:\/\/www.escolesteatre.org\/en\/wp-json\/wp\/v2\/posts"}],"about":[{"href":"https:\/\/www.escolesteatre.org\/en\/wp-json\/wp\/v2\/types\/post"}],"author":[{"embeddable":true,"href":"https:\/\/www.escolesteatre.org\/en\/wp-json\/wp\/v2\/users\/3"}],"replies":[{"embeddable":true,"href":"https:\/\/www.escolesteatre.org\/en\/wp-json\/wp\/v2\/comments?post=2340"}],"version-history":[{"count":2,"href":"https:\/\/www.escolesteatre.org\/en\/wp-json\/wp\/v2\/posts\/2340\/revisions"}],"predecessor-version":[{"id":2581,"href":"https:\/\/www.escolesteatre.org\/en\/wp-json\/wp\/v2\/posts\/2340\/revisions\/2581"}],"wp:featuredmedia":[{"embeddable":true,"href":"https:\/\/www.escolesteatre.org\/en\/wp-json\/wp\/v2\/media\/2942"}],"wp:attachment":[{"href":"https:\/\/www.escolesteatre.org\/en\/wp-json\/wp\/v2\/media?parent=2340"}],"wp:term":[{"taxonomy":"category","embeddable":true,"href":"https:\/\/www.escolesteatre.org\/en\/wp-json\/wp\/v2\/categories?post=2340"},{"taxonomy":"post_tag","embeddable":true,"href":"https:\/\/www.escolesteatre.org\/en\/wp-json\/wp\/v2\/tags?post=2340"}],"curies":[{"name":"wp","href":"https:\/\/api.w.org\/{rel}","templated":true}]}}