{"id":2295,"date":"2021-09-23T10:30:07","date_gmt":"2021-09-23T10:30:07","guid":{"rendered":"http:\/\/www.escolesteatre.org\/?p=2295"},"modified":"2022-11-08T21:35:24","modified_gmt":"2022-11-08T21:35:24","slug":"formacio-docents-taller-1-_-habilitats-emocionals-basiques-a-laula","status":"publish","type":"post","link":"https:\/\/www.escolesteatre.org\/en\/formacio-docents-taller-1-_-habilitats-emocionals-basiques-a-laula\/","title":{"rendered":"Formaci\u00f3 docents:       TALLER 1 _ Habilitats emocionals b\u00e0siques a l&#8217;aula."},"content":{"rendered":"\n<p>Assolir la responsabilitat de guiar, educar, liderar i facilitar la transformaci\u00f3 a d\u2019altres persones requereix de molt autoconeixement, humilitat i empatia.<\/p>\n\n\n\n<p>La bona direcci\u00f3 i lideratge saludable els exercirem si tenim intel\u00b7lig\u00e8ncia emocional, autoconeixement i capacitat de gesti\u00f3 de les nostres pr\u00f2pies dificultats i si establim relacions constructives amb els altres. La connexi\u00f3 pensar, sentir i actuar en s\u00f3n les bases per una bona educaci\u00f3 emocional.<\/p>\n\n\n\n<p>Com a docents, directors\/es i professionals que ajudem i estem en contacte amb alumnes\/as, \u00e9s necessari con\u00e8ixer la realitat (social, cultural, emocional) de les persones a les que acompanyem.<br>Con\u00e8ixer tamb\u00e9 els nostres l\u00edmits, capacitats i recursos, \u00e9s vital per a poder oferir a l\u2019altre el que necessita des de la calma i per a poder assolir la direcci\u00f3 en moments de dificultat.<\/p>\n\n\n\n<p>Crear espais de participaci\u00f3 i aprenentatge pels docents \u00e9s un dels eixos prioritaris per la nostra comunitat ACET, i per aix\u00f2 hem dissenyat aquest taller conjuntament amb professionals de la<br>psicologia i les arts.<\/p>\n\n\n\n<div style=\"height:40px\" aria-hidden=\"true\" class=\"wp-block-spacer\"><\/div>\n\n\n\n<h3 class=\"wp-block-heading\"><strong>Taller 1: Habilitats emocionals b\u00e0siques a l&#8217;aula.<\/strong><\/h3>\n\n\n\n<div style=\"height:40px\" aria-hidden=\"true\" class=\"wp-block-spacer\"><\/div>\n\n\n\n<p><strong>Dimecres, 20 d&#8217;octubre, 2021<br>De 18,30 a 20,30 h.<br>Trobada virtual<\/strong><\/p>\n\n\n\n<div style=\"height:40px\" aria-hidden=\"true\" class=\"wp-block-spacer\"><\/div>\n\n\n\n<p><strong>Objectiu general del taller<\/strong><\/p>\n\n\n\n<p>Dotar d\u2019eines i recursos emocionals per a con\u00e8ixer i entendre les nostres emocions. I disposar d\u2019idees per a poder les gestionar a l\u2019entorn professional.<\/p>\n\n\n\n<p>1- Les emocions prim\u00e0ries que ens porten a reaccionar.<br>2- Detectar i con\u00e8ixer les necessitats darrera de les emocions.<br>3- Aprendre a respondre de manera conscient.<br>4- Resili\u00e8ncia vs resist\u00e8ncia: La pr\u00e0ctica de l\u2019acceptaci\u00f3.<br>5- Gesti\u00f3 d\u2019emocions; Respiraci\u00f3, Mindfulness i Di\u00e0leg intern.<br>6- Aplicaci\u00f3 pr\u00e0ctica de la gesti\u00f3 d\u2019emocions en situacions reals dels participants.<\/p>\n\n\n\n<div style=\"height:40px\" aria-hidden=\"true\" class=\"wp-block-spacer\"><\/div>\n\n\n\n<p><strong>Formadora<\/strong><\/p>\n\n\n\n<p><strong>Raquel Ballesteros<\/strong>. Llicenciada en psicologia, docent i coach . Especialitzada e n acompanyar a persones i grups en \u00e0rees com l\u2019assertivitat, la comunicaci\u00f3 aut\u00e8ntica, el desenvolupament personal, la intel\u00b7lig\u00e8ncia emocional i espiritual.<\/p>\n\n\n\n<div style=\"height:40px\" aria-hidden=\"true\" class=\"wp-block-spacer\"><\/div>\n\n\n\n<p><strong>Taller gratu\u00eft pels docents de les escoles associades a l&#8217;ACET.<\/strong> <br><strong>Si la teva escola no \u00e9s associada: 15 \u20ac<\/strong><\/p>\n\n\n\n<div style=\"height:54px\" aria-hidden=\"true\" class=\"wp-block-spacer\"><\/div>\n\n\n\n<div class=\"wp-block-buttons\">\n<div class=\"wp-block-button\"><a class=\"wp-block-button__link wp-element-button\" href=\"https:\/\/forms.gle\/2WgUAwSd3iJ3Adcq6\">INSCRIPCIONS<\/a><\/div>\n<\/div>\n\n\n\n<p><\/p>\n","protected":false},"excerpt":{"rendered":"<p>Assolir la responsabilitat de guiar, educar, liderar i facilitar la transformaci\u00f3 a d\u2019altres persones requereix de molt autoconeixement, humilitat i empatia. La bona direcci\u00f3 i lideratge saludable els exercirem si tenim intel\u00b7lig\u00e8ncia emocional, autoconeixement i capacitat de gesti\u00f3 de les nostres pr\u00f2pies dificultats i si establim relacions constructives amb els altres. La connexi\u00f3 pensar, sentir i actuar en s\u00f3n les<a href=\"https:\/\/www.escolesteatre.org\/en\/formacio-docents-taller-1-_-habilitats-emocionals-basiques-a-laula\/\" class=\"read-more\" rel=\"nofollow\">Vull saber m\u00e9s! +<\/a><\/p>\n","protected":false},"author":3,"featured_media":2306,"comment_status":"open","ping_status":"open","sticky":false,"template":"","format":"standard","meta":{"footnotes":""},"categories":[6,8],"tags":[],"class_list":["post-2295","post","type-post","status-publish","format-standard","has-post-thumbnail","hentry","category-formacions","category-noticies"],"acf":[],"_links":{"self":[{"href":"https:\/\/www.escolesteatre.org\/en\/wp-json\/wp\/v2\/posts\/2295","targetHints":{"allow":["GET"]}}],"collection":[{"href":"https:\/\/www.escolesteatre.org\/en\/wp-json\/wp\/v2\/posts"}],"about":[{"href":"https:\/\/www.escolesteatre.org\/en\/wp-json\/wp\/v2\/types\/post"}],"author":[{"embeddable":true,"href":"https:\/\/www.escolesteatre.org\/en\/wp-json\/wp\/v2\/users\/3"}],"replies":[{"embeddable":true,"href":"https:\/\/www.escolesteatre.org\/en\/wp-json\/wp\/v2\/comments?post=2295"}],"version-history":[{"count":2,"href":"https:\/\/www.escolesteatre.org\/en\/wp-json\/wp\/v2\/posts\/2295\/revisions"}],"predecessor-version":[{"id":2601,"href":"https:\/\/www.escolesteatre.org\/en\/wp-json\/wp\/v2\/posts\/2295\/revisions\/2601"}],"wp:featuredmedia":[{"embeddable":true,"href":"https:\/\/www.escolesteatre.org\/en\/wp-json\/"}],"wp:attachment":[{"href":"https:\/\/www.escolesteatre.org\/en\/wp-json\/wp\/v2\/media?parent=2295"}],"wp:term":[{"taxonomy":"category","embeddable":true,"href":"https:\/\/www.escolesteatre.org\/en\/wp-json\/wp\/v2\/categories?post=2295"},{"taxonomy":"post_tag","embeddable":true,"href":"https:\/\/www.escolesteatre.org\/en\/wp-json\/wp\/v2\/tags?post=2295"}],"curies":[{"name":"wp","href":"https:\/\/api.w.org\/{rel}","templated":true}]}}