{"id":2063,"date":"2020-05-26T07:03:32","date_gmt":"2020-05-26T07:03:32","guid":{"rendered":"http:\/\/www.escolesteatre.org\/?p=2063"},"modified":"2022-11-08T22:29:04","modified_gmt":"2022-11-08T22:29:04","slug":"comunicat-de-lacet","status":"publish","type":"post","link":"https:\/\/www.escolesteatre.org\/en\/comunicat-de-lacet\/","title":{"rendered":"Comunicat de l\u2019ACET arran el reportatge \u201c20 anys d\u2019abusos a l\u2019Aula de Teatre de Lleida\u201d"},"content":{"rendered":"\n<p>Data de publicaci\u00f3: 26\/5\/2020<\/p>\n\n\n\n<div style=\"height:20px\" aria-hidden=\"true\" class=\"wp-block-spacer\"><\/div>\n\n\n\n<p>L\u2019ACET \u00e9s una associaci\u00f3 d\u2019escoles d\u2019art dram\u00e0tic de Catalunya que representa a 20 escoles, amb m\u00e9s de 10.000 alumnes i 528 professionals d\u2019arreu del territori.<\/p>\n\n\n\n<div style=\"height:20px\" aria-hidden=\"true\" class=\"wp-block-spacer\"><\/div>\n\n\n\n<p>En primer lloc volem manifestar la nostra solidaritat i recolzament a les v\u00edctimes que han sofert els abusos i mostrar una toler\u00e0ncia zero davant d&#8217;aquests fets.<\/p>\n\n\n\n<div style=\"height:20px\" aria-hidden=\"true\" class=\"wp-block-spacer\"><\/div>\n\n\n\n<p>El que ha passat a l\u2019Aula Municipal de Teatre de Lleida no representa en absolut la tasca que s\u2019est\u00e0 fent des de fa d\u00e8cades a les escoles de teatre del nostre pa\u00eds.<\/p>\n\n\n\n<div style=\"height:20px\" aria-hidden=\"true\" class=\"wp-block-spacer\"><\/div>\n\n\n\n<p>Per aquest motiu \u00e9s injust que es q\u00fcestionin els pedagogs i pedagogues, a les escoles de teatre de Catalunya i en conseq\u00fc\u00e8ncia al conjunt del sector.<\/p>\n\n\n\n<div style=\"height:20px\" aria-hidden=\"true\" class=\"wp-block-spacer\"><\/div>\n\n\n\n<p>Defensem que l\u2019educaci\u00f3 art\u00edstica \u00e9s imprescindible i fonamental en la nostra societat perqu\u00e8 fomenta la creativitat, el pensament cr\u00edtic, la sensibilitat, la capacitat de reflexi\u00f3 i la dignificaci\u00f3 de les professions esc\u00e8niques.<\/p>\n\n\n\n<div style=\"height:20px\" aria-hidden=\"true\" class=\"wp-block-spacer\"><\/div>\n\n\n\n<p>La pr\u00e0ctica de la doc\u00e8ncia teatral realitzada des de les escoles de l\u2019ACET \u00e9s una feina que es fa des de la professionalitat i el rigor, amb un cos docent qualificat que treballa per la formaci\u00f3 art\u00edstica i humana.<\/p>\n\n\n\n<div style=\"height:20px\" aria-hidden=\"true\" class=\"wp-block-spacer\"><\/div>\n\n\n\n<p>Per aquests motius manifestem:<\/p>\n\n\n\n<p>&#8211; El rebuig total i sense pal\u00b7liatius a aquests fets i la nostra solidaritat vers les v\u00edctimes i les fam\u00edlies.<\/p>\n\n\n\n<p>&#8211; El nostre suport i confian\u00e7a en l\u2019equip directiu i professorat de l\u2019Aula Municipal de Teatre de Lleida per condemnar aquests fets repudiables i actuar amb transpar\u00e8ncia davant les fam\u00edlies, l\u2019alumnat, la ciutadania i la just\u00edcia.<\/p>\n\n\n\n<p>&#8211; La necessitat de traslladar a les institucions, mitjans de comunicaci\u00f3 i al conjunt de la ciutadania un missatge de tranquil\u00b7litat i confian\u00e7a en la tasca formativa i professional que exercim des de les escoles de l\u2019ACET .<\/p>\n\n\n\n<p>&#8211; El nostre ferm comprom\u00eds per impedir que accions d\u2019aquest tipus no puguin tornar a passar m\u00e9s.<\/p>\n\n\n\n<div style=\"height:60px\" aria-hidden=\"true\" class=\"wp-block-spacer\"><\/div>\n\n\n\n<p>ACET, Associaci\u00f3 Catalana d\u2019Escoles de Teatre:<\/p>\n\n\n\n<p>Actua!Studio, A Escena, Ars\u00e8nic, espai de creaci\u00f3, Aula de Teatre de Lleida, Aula de Teatre de Matar\u00f3, Catalonia Film School, Centre de formaci\u00f3 teatral El Galliner, Coco Comin. Escola de dansa i com\u00e8dia musical, Col\u00b7legi de Teatre de Barcelona, El Timbal, centre de formaci\u00f3 i creaci\u00f3 esc\u00e8nica, Escola de Teatre del Centre de Lectura de Reus, Escola de Teatre i Circ d\u2019Amposta, Espai Philae, Frec a Frec, Laura Jou, estudi per l\u2019actor, Lazzigags. Escola d\u2019arts esc\u00e8niques, Moveo. Centre de formaci\u00f3 i creaci\u00f3, Performing Arts, Plat\u00f3 de Cinema, Youkali escola de teatre musical.<\/p>\n","protected":false},"excerpt":{"rendered":"<p>Data de publicaci\u00f3: 26\/5\/2020 L\u2019ACET \u00e9s una associaci\u00f3 d\u2019escoles d\u2019art dram\u00e0tic de Catalunya que representa a 20 escoles, amb m\u00e9s de 10.000 alumnes i 528 professionals d\u2019arreu del territori. En primer lloc volem manifestar la nostra solidaritat i recolzament a les v\u00edctimes que han sofert els abusos i mostrar una toler\u00e0ncia zero davant d&#8217;aquests fets. El que ha passat a<a href=\"https:\/\/www.escolesteatre.org\/en\/comunicat-de-lacet\/\" class=\"read-more\" rel=\"nofollow\">Vull saber m\u00e9s! +<\/a><\/p>\n","protected":false},"author":3,"featured_media":2065,"comment_status":"open","ping_status":"open","sticky":false,"template":"","format":"standard","meta":{"footnotes":""},"categories":[8],"tags":[],"class_list":["post-2063","post","type-post","status-publish","format-standard","has-post-thumbnail","hentry","category-noticies"],"acf":[],"_links":{"self":[{"href":"https:\/\/www.escolesteatre.org\/en\/wp-json\/wp\/v2\/posts\/2063","targetHints":{"allow":["GET"]}}],"collection":[{"href":"https:\/\/www.escolesteatre.org\/en\/wp-json\/wp\/v2\/posts"}],"about":[{"href":"https:\/\/www.escolesteatre.org\/en\/wp-json\/wp\/v2\/types\/post"}],"author":[{"embeddable":true,"href":"https:\/\/www.escolesteatre.org\/en\/wp-json\/wp\/v2\/users\/3"}],"replies":[{"embeddable":true,"href":"https:\/\/www.escolesteatre.org\/en\/wp-json\/wp\/v2\/comments?post=2063"}],"version-history":[{"count":1,"href":"https:\/\/www.escolesteatre.org\/en\/wp-json\/wp\/v2\/posts\/2063\/revisions"}],"predecessor-version":[{"id":2649,"href":"https:\/\/www.escolesteatre.org\/en\/wp-json\/wp\/v2\/posts\/2063\/revisions\/2649"}],"wp:featuredmedia":[{"embeddable":true,"href":"https:\/\/www.escolesteatre.org\/en\/wp-json\/"}],"wp:attachment":[{"href":"https:\/\/www.escolesteatre.org\/en\/wp-json\/wp\/v2\/media?parent=2063"}],"wp:term":[{"taxonomy":"category","embeddable":true,"href":"https:\/\/www.escolesteatre.org\/en\/wp-json\/wp\/v2\/categories?post=2063"},{"taxonomy":"post_tag","embeddable":true,"href":"https:\/\/www.escolesteatre.org\/en\/wp-json\/wp\/v2\/tags?post=2063"}],"curies":[{"name":"wp","href":"https:\/\/api.w.org\/{rel}","templated":true}]}}