{"id":1833,"date":"2019-05-02T16:05:10","date_gmt":"2019-05-02T16:05:10","guid":{"rendered":"http:\/\/www.escolesteatre.org\/?p=1833"},"modified":"2022-11-08T22:55:14","modified_gmt":"2022-11-08T22:55:14","slug":"ii-jornades-pedagogiques-acet","status":"publish","type":"post","link":"https:\/\/www.escolesteatre.org\/en\/ii-jornades-pedagogiques-acet\/","title":{"rendered":"II Jornades Pedag\u00f2giques ACET"},"content":{"rendered":"\n<p>Des de l\u2019ACET continuem apostant per la formaci\u00f3 dels docents i artistes de les arts esc\u00e8niques. Per aquesta segona edici\u00f3 us oferim una formaci\u00f3 en\u00a0<strong>Teatre Sensorial<\/strong>, una mirada al cos i a la paraula des de la imaginaci\u00f3, els sentits i la mem\u00f2ria.<\/p>\n\n\n\n<div style=\"height:60px\" aria-hidden=\"true\" class=\"wp-block-spacer\"><\/div>\n\n\n\n<p><strong>HABITAR EL COS I LA PARAULA<\/strong><br><em>Dins el marc del Teatre Sensorial<\/em><\/p>\n\n\n\n<div style=\"height:40px\" aria-hidden=\"true\" class=\"wp-block-spacer\"><\/div>\n\n\n\n<p><em><strong>Teatro de los Sentidos<\/strong><\/em>\u00a0neix, a finals dels anys 80&#8242;, del desig i la voluntat de crear un grup d&#8217;investigaci\u00f3 art\u00edstica al voltant del llenguatge sensorial. Els precursors s\u00f3n un grup de joves de la Universitat de Bogot\u00e0 acompanyats de la direcci\u00f3 d&#8217;Enrique Vargas. Als anys 90&#8242; comencen les seves incursions a Europa, convidats per diversos festivals fins que s&#8217;estableixen a Barcelona l&#8217;any 2004.<\/p>\n\n\n\n<div style=\"height:20px\" aria-hidden=\"true\" class=\"wp-block-spacer\"><\/div>\n\n\n\n<p>Les integrants d&#8217;aquest projecte ens incorporem a la companyia entre els anys 1996 i 2008 i, actualment,&nbsp; seguim la nostra investigaci\u00f3 desenvolupant tamb\u00e9 projectes propis, expandint el llenguatge m\u00e9s enll\u00e0 dels seus marges i investigant en les seves m\u00faltiples i diverses aplicacions.<\/p>\n\n\n\n<div style=\"height:20px\" aria-hidden=\"true\" class=\"wp-block-spacer\"><\/div>\n\n\n\n<p>Podr\u00edem definir el\u00a0<strong>Teatre Sensorial<\/strong>\u00a0com\u00a0<strong>l\u2019Experi\u00e8ncia Po\u00e8tica<\/strong>\u00a0que es fonamenta en els seg\u00fcents principis:<\/p>\n\n\n\n<p>\u25aa El cos no \u00e9s una simple entitat f\u00edsica sin\u00f3 que s\u2019enriqueix gr\u00e0cies a la mem\u00f2ria i al somni.<\/p>\n\n\n\n<p>\u25aa Els sentits no nom\u00e9s transmeten informaci\u00f3 per al judici de l\u2019intel\u00b7lecte, sin\u00f3 que inflamen la imaginaci\u00f3 i articulen el pensament sensorial.<\/p>\n\n\n\n<p>\u25aa En l\u2019experi\u00e8ncia art\u00edstica i po\u00e8tica, que es desenvolupa dins l&#8217;espai escenogr\u00e0fic envolvent i que anomenem instal\u00b7laci\u00f3 sensorial, el p\u00fablic no \u00e9s simplement espectador, sin\u00f3 que viu una experi\u00e8ncia transformativa que el porta a sentir la pertin\u00e8ncia inseparable amb el seu mon interior.<\/p>\n\n\n\n<div style=\"height:50px\" aria-hidden=\"true\" class=\"wp-block-spacer\"><\/div>\n\n\n\n<p>Us oferim un taller que vol ser una experi\u00e8ncia de recerca dins del marc de la sensorialitat, i on treballarem conceptes com la poesia del cos, l\u2019art de l\u2019escolta i la capacitat l\u00fadica. Eina \u00fatil que vol re-descobrir els sentits i obrir els canals per l&#8217;expressi\u00f3 art\u00edstica, canals que estan connectats amb la nostra aut\u00e8ntica naturalesa sensorial i po\u00e8tica.<\/p>\n\n\n\n<div style=\"height:50px\" aria-hidden=\"true\" class=\"wp-block-spacer\"><\/div>\n\n\n\n<p>Els objectius que persegueix aquest taller s\u00f3n:<\/p>\n\n\n\n<p>&#8211; <strong>Conectar amb el cos i la seva sensorialitat<\/strong>. El nostre punt de partida \u00e9s sempre el Joc. Quan activem la nostra capacitat l\u00fadica, activem tamb\u00e9 altres funcions, entre elles la capacitat d\u2019aprenentatge i comprensi\u00f3, la sensorialitat, l\u2019emoci\u00f3, la imaginaci\u00f3 o la mem\u00f2ria del cos.<\/p>\n\n\n\n<p>&#8211; <strong>Aprendre a desenvolupar l&#8217;escolta interna i externa, individual i col.lectiva<\/strong>. Un cop el cos desperta a la mem\u00f2ria i al record, apareixen les emocions que hi estaven amagades i que ara desperten darrera aquestes imatges, unes imatges que formen part d&#8217;un temps passat, que recordem o reconeixem en un estat de vig\u00edlia, on record i imaginaci\u00f3 es confonen i entrellacen, tot embriagant-nos i enriquint la nostra creativitat. Aqu\u00ed \u00e9s on cal activar l&#8217;escolta, una escolta activa del que percebem i del qu\u00e8 succeeix dins i fora del nostre cos.<\/p>\n\n\n\n<p>&#8211; <strong>Treballar el text des de la intimitat i la particularitat<\/strong>. Aquest treball del text ens porta la possibilitat de connectar amb les paraules des d\u2019un lloc nou, creant noves resson\u00e0ncies que ens permetran que el text se\u2019ns desvetlli en la seva m\u00e9s nua simplicitat.<\/p>\n\n\n\n<p>&#8211; <strong>Descobrir la potencia expressiva dels silencis.<\/strong><\/p>\n\n\n\n<div style=\"height:30px\" aria-hidden=\"true\" class=\"wp-block-spacer\"><\/div>\n\n\n\n<p>En l\u2019\u00e0mbit de l\u2019aula, el treball sensorial ajuda a:<\/p>\n\n\n\n<p>* Desenvolupar les funcions cognitives b\u00e0siques: atenci\u00f3, mem\u00f2ria.<\/p>\n\n\n\n<p>* Desenvolupar les funcions cognitives superiors: resoluci\u00f3 de problemes, raonament, llenguatge i creativitat.<\/p>\n\n\n\n<p>* Adquirir eines per a comprendre del m\u00f3n que ens envolta i interaccionar amb ell.<\/p>\n\n\n\n<p>* Ampliar el bagatge d\u2019est\u00edmuls que rebem i recuperar records del nostre cos.<\/p>\n\n\n\n<p>* Fomentar l\u2019art de l\u2019escolta i despertar la curiositat per les coses i les persones, els cossos i les formes.<\/p>\n\n\n\n<div style=\"height:50px\" aria-hidden=\"true\" class=\"wp-block-spacer\"><\/div>\n\n\n\n<p>Taller adre\u00e7at principalment a docents i int\u00e8rprets de les arts esc\u00e8niques, i tamb\u00e9 a mestres de prim\u00e0ria, professorat d\u2019ESO, Batxillerat i Cicles Formatius, i en general a tothom interessat en utilitzar eines teatrals en el seu \u00e0mbit professional i\/o personal.<\/p>\n\n\n\n<div style=\"height:50px\" aria-hidden=\"true\" class=\"wp-block-spacer\"><\/div>\n\n\n\n<p>Les formadores d&#8217;aquest tallers som:<\/p>\n\n\n\n<p><strong>Eva Perez.&nbsp;<\/strong>Actriu, Creadora, Professora i Pallassa d\u2019hospital.<\/p>\n\n\n\n<p><strong>Patricia Menichelli.&nbsp;<\/strong>Artista, Formadora, Vestuarista i Escen\u00f2grafa, Performer, Directora.<\/p>\n\n\n\n<p><strong>Giovanna Pezzullo.&nbsp;<\/strong>Actriu, Dramaturga, Directora, Professora de llenguatge sensorial, Formadora d&#8217;actors i Smell designer.<\/p>\n\n\n\n<p><strong>Lisa Marrani.&nbsp;<\/strong>Arquitecta i Performer.<\/p>\n\n\n\n<div style=\"height:50px\" aria-hidden=\"true\" class=\"wp-block-spacer\"><\/div>\n\n\n\n<p class=\"has-text-align-left\">Preu : 100,00\u20ac<\/p>\n\n\n\n<p class=\"has-text-align-left\"><strong>Descomptes: <\/strong><br>50% per docents de les escoles de l&#8217;ACET<br>20% graduats IT i socis AADPC<\/p>\n\n\n\n<div style=\"height:20px\" aria-hidden=\"true\" class=\"wp-block-spacer\"><\/div>\n\n\n\n<p class=\"has-text-align-left\">Per <strong>reservar la teva plac\u0327a<\/strong> omple el segu\u0308ent<\/p>\n\n\n\n<div style=\"height:20px\" aria-hidden=\"true\" class=\"wp-block-spacer\"><\/div>\n\n\n\n<div class=\"wp-block-buttons\">\n<div class=\"wp-block-button\"><a class=\"wp-block-button__link wp-element-button\" href=\"https:\/\/docs.google.com\/forms\/d\/1bk0p67MZhu-dCU2Nx1l_edwTQ3wjT4YcxF_ZccRhz3c\/viewform?edit_requested=true\" target=\"_blank\" rel=\"noreferrer noopener\">FORMULARI<\/a><\/div>\n<\/div>\n\n\n\n<div style=\"height:20px\" aria-hidden=\"true\" class=\"wp-block-spacer\"><\/div>\n\n\n\n<p class=\"has-text-align-left\">i realitza el pagament fent una transfere\u0300ncia banca\u0300ria al nu\u0301mero de compte: <\/p>\n\n\n\n<p class=\"has-text-align-left\">ES06 0081 0167 4800 0172 4175 (al concepte posa el teu nom i cognom).<\/p>\n\n\n\n<p class=\"has-text-align-left\">Envia\u2019ns el comprovant de pagament a acet@@escolesteatre.org <\/p>\n\n\n\n<p class=\"has-text-align-left\">Places limitades.<\/p>\n\n\n\n<p class=\"has-text-align-left\">Les places s\u2019assignaran per correu electro\u0300nic un cop revisada la documentacio\u0301<\/p>\n","protected":false},"excerpt":{"rendered":"<p>Des de l\u2019ACET continuem apostant per la formacio\u0301 dels docents i artistes de les arts esce\u0300niques. Per aquesta segona edicio\u0301 us oferim una formacio\u0301 en Teatre Sensorial, una mirada al cos i a la paraula des de la imaginacio\u0301, els sentits i la memo\u0300ria.<\/p>\n","protected":false},"author":3,"featured_media":1870,"comment_status":"open","ping_status":"open","sticky":false,"template":"","format":"standard","meta":{"footnotes":""},"categories":[6,8],"tags":[],"class_list":["post-1833","post","type-post","status-publish","format-standard","has-post-thumbnail","hentry","category-formacions","category-noticies"],"acf":[],"_links":{"self":[{"href":"https:\/\/www.escolesteatre.org\/en\/wp-json\/wp\/v2\/posts\/1833","targetHints":{"allow":["GET"]}}],"collection":[{"href":"https:\/\/www.escolesteatre.org\/en\/wp-json\/wp\/v2\/posts"}],"about":[{"href":"https:\/\/www.escolesteatre.org\/en\/wp-json\/wp\/v2\/types\/post"}],"author":[{"embeddable":true,"href":"https:\/\/www.escolesteatre.org\/en\/wp-json\/wp\/v2\/users\/3"}],"replies":[{"embeddable":true,"href":"https:\/\/www.escolesteatre.org\/en\/wp-json\/wp\/v2\/comments?post=1833"}],"version-history":[{"count":4,"href":"https:\/\/www.escolesteatre.org\/en\/wp-json\/wp\/v2\/posts\/1833\/revisions"}],"predecessor-version":[{"id":2687,"href":"https:\/\/www.escolesteatre.org\/en\/wp-json\/wp\/v2\/posts\/1833\/revisions\/2687"}],"wp:featuredmedia":[{"embeddable":true,"href":"https:\/\/www.escolesteatre.org\/en\/wp-json\/"}],"wp:attachment":[{"href":"https:\/\/www.escolesteatre.org\/en\/wp-json\/wp\/v2\/media?parent=1833"}],"wp:term":[{"taxonomy":"category","embeddable":true,"href":"https:\/\/www.escolesteatre.org\/en\/wp-json\/wp\/v2\/categories?post=1833"},{"taxonomy":"post_tag","embeddable":true,"href":"https:\/\/www.escolesteatre.org\/en\/wp-json\/wp\/v2\/tags?post=1833"}],"curies":[{"name":"wp","href":"https:\/\/api.w.org\/{rel}","templated":true}]}}