{"id":1067,"date":"2015-06-12T16:46:08","date_gmt":"2015-06-12T16:46:08","guid":{"rendered":"http:\/\/www.escolesteatre.org\/?p=1067"},"modified":"2022-11-08T23:24:13","modified_gmt":"2022-11-08T23:24:13","slug":"a-lacet-estem-denhorabona_nova-titulacio","status":"publish","type":"post","link":"https:\/\/www.escolesteatre.org\/en\/a-lacet-estem-denhorabona_nova-titulacio\/","title":{"rendered":"A l&#8217;Acet estem d&#8217;enhorabona!!   Nova titulaci\u00f3!!"},"content":{"rendered":"\n<p>A partir del curs que vinent, els joves que vulguin convertir-se en professionals del teatre podran cursar el nou t\u00edtol propi, el <strong>Grau Superior de T\u00e8cniques en Actuaci\u00f3 Teatral.<\/strong><\/p>\n\n\n\n<div style=\"height:30px\" aria-hidden=\"true\" class=\"wp-block-spacer\"><\/div>\n\n\n\n<p>Despr\u00e9s d\u2019anys treballant per uns estudis reglats de teatre que dignifiquin i reconeguin la feina de professors i alumnes, aquest esfor\u00e7 hist\u00f2ric s\u2019ha vist tradu\u00eft en fets. El passat dimarts 2 de juny, el govern catal\u00e0 va aprovar la titulaci\u00f3 del Cicle formatiu de&nbsp;<strong><a href=\"http:\/\/www.escolesteatre.org\/wp-content\/uploads\/2015\/06\/REIAL-DECRET-85.2015-2-de-juny.-TITULACI%C3%93.pdf\">Grau Superior en T\u00e8cniques d\u2019Actuaci\u00f3 Teatral<\/a><\/strong>&nbsp;i a partir de setembre les escoles de teatre catalanes podran oferir una titulaci\u00f3 reglada.<\/p>\n\n\n\n<div style=\"height:30px\" aria-hidden=\"true\" class=\"wp-block-spacer\"><\/div>\n\n\n\n<p>\u00c9s per aix\u00f2 que ens agradaria compartir-ho amb tota la professi\u00f3 teatral en una roda de premsa el proper <strong>dijous 18 de juny a les 11h a la seu de l\u2019Sgae de Barcelona (Passeig Colom, 6).<\/strong><\/p>\n\n\n\n<div style=\"height:30px\" aria-hidden=\"true\" class=\"wp-block-spacer\"><\/div>\n\n\n\n<p>Us agrairem confirmar assist\u00e8ncia a &nbsp;<a href=\"mailto:acet@escolesteatre.org\">acet@escolesteatre.org<\/a><\/p>\n\n\n\n<p>&nbsp;<\/p>\n","protected":false},"excerpt":{"rendered":"<p>A partir del curs que vinent, els joves que vulguin convertir-se en professionals del teatre podran cursar el nou t\u00edtol propi, el Grau Superior de T\u00e8cniques en Actuaci\u00f3 Teatral.<\/p>\n","protected":false},"author":3,"featured_media":0,"comment_status":"open","ping_status":"open","sticky":false,"template":"","format":"standard","meta":{"footnotes":""},"categories":[8],"tags":[],"class_list":["post-1067","post","type-post","status-publish","format-standard","hentry","category-noticies"],"acf":[],"_links":{"self":[{"href":"https:\/\/www.escolesteatre.org\/en\/wp-json\/wp\/v2\/posts\/1067","targetHints":{"allow":["GET"]}}],"collection":[{"href":"https:\/\/www.escolesteatre.org\/en\/wp-json\/wp\/v2\/posts"}],"about":[{"href":"https:\/\/www.escolesteatre.org\/en\/wp-json\/wp\/v2\/types\/post"}],"author":[{"embeddable":true,"href":"https:\/\/www.escolesteatre.org\/en\/wp-json\/wp\/v2\/users\/3"}],"replies":[{"embeddable":true,"href":"https:\/\/www.escolesteatre.org\/en\/wp-json\/wp\/v2\/comments?post=1067"}],"version-history":[{"count":1,"href":"https:\/\/www.escolesteatre.org\/en\/wp-json\/wp\/v2\/posts\/1067\/revisions"}],"predecessor-version":[{"id":2755,"href":"https:\/\/www.escolesteatre.org\/en\/wp-json\/wp\/v2\/posts\/1067\/revisions\/2755"}],"wp:attachment":[{"href":"https:\/\/www.escolesteatre.org\/en\/wp-json\/wp\/v2\/media?parent=1067"}],"wp:term":[{"taxonomy":"category","embeddable":true,"href":"https:\/\/www.escolesteatre.org\/en\/wp-json\/wp\/v2\/categories?post=1067"},{"taxonomy":"post_tag","embeddable":true,"href":"https:\/\/www.escolesteatre.org\/en\/wp-json\/wp\/v2\/tags?post=1067"}],"curies":[{"name":"wp","href":"https:\/\/api.w.org\/{rel}","templated":true}]}}